{"id":1253,"date":"2024-03-29T10:53:47","date_gmt":"2024-03-29T09:53:47","guid":{"rendered":"https:\/\/jjfconsultores.com\/?p=1253"},"modified":"2026-04-09T10:37:03","modified_gmt":"2026-04-09T09:37:03","slug":"maximiza-tu-declaracion-de-la-renta-desgravando-el-alquiler","status":"publish","type":"post","link":"https:\/\/jjfconsultores.com\/index.php\/2024\/03\/29\/maximiza-tu-declaracion-de-la-renta-desgravando-el-alquiler\/","title":{"rendered":"Maximiza tu declaraci\u00f3n de la Renta desgravando el alquiler"},"content":{"rendered":"<span class=\"span-reading-time rt-reading-time\" style=\"display: block;\"><span class=\"rt-label rt-prefix\"><b>\u23f1<\/span> <span class=\"rt-time\"> 3<\/span> <span class=\"rt-label rt-postfix\">minutos<\/b><\/span><\/span>\n<p>Si vives de alquiler en Andaluc\u00eda, puede que est\u00e9s dejando escapar un ahorro importante en tu declaraci\u00f3n de la Renta: una deducci\u00f3n auton\u00f3mica que te permite reducir lo que pagas a Hacienda.<\/p>\n\n\n\n<p>\u00bfTe imaginas descubrir que pod\u00edas haberte deducido hasta 1.200 euros al a\u00f1o y no lo hiciste? No te preocupes, en este art\u00edculo te explicamos, de forma clara y sin tecnicismos innecesarios, si puedes acceder a esta deducci\u00f3n, qu\u00e9 requisitos debes cumplir y c\u00f3mo aplicarla.<\/p>\n\n\n\n<div id=\"ez-toc-container\" class=\"ez-toc-v2_0_80 counter-flat ez-toc-counter ez-toc-transparent ez-toc-container-direction\">\n<div class=\"ez-toc-title-container\">\n<p class=\"ez-toc-title ez-toc-toggle\" style=\"cursor:pointer\">Ve al grano<\/p>\n<span class=\"ez-toc-title-toggle\"><a href=\"#\" class=\"ez-toc-pull-right ez-toc-btn ez-toc-btn-xs ez-toc-btn-default ez-toc-toggle\" aria-label=\"Alternar tabla de contenidos\"><span class=\"ez-toc-js-icon-con\"><span class=\"\"><span class=\"eztoc-hide\" style=\"display:none;\">Toggle<\/span><span class=\"ez-toc-icon-toggle-span\"><svg style=\"fill: #999;color:#999\" xmlns=\"http:\/\/www.w3.org\/2000\/svg\" class=\"list-377408\" width=\"20px\" height=\"20px\" viewBox=\"0 0 24 24\" fill=\"none\"><path d=\"M6 6H4v2h2V6zm14 0H8v2h12V6zM4 11h2v2H4v-2zm16 0H8v2h12v-2zM4 16h2v2H4v-2zm16 0H8v2h12v-2z\" fill=\"currentColor\"><\/path><\/svg><svg style=\"fill: #999;color:#999\" class=\"arrow-unsorted-368013\" xmlns=\"http:\/\/www.w3.org\/2000\/svg\" width=\"10px\" height=\"10px\" viewBox=\"0 0 24 24\" version=\"1.2\" baseProfile=\"tiny\"><path d=\"M18.2 9.3l-6.2-6.3-6.2 6.3c-.2.2-.3.4-.3.7s.1.5.3.7c.2.2.4.3.7.3h11c.3 0 .5-.1.7-.3.2-.2.3-.5.3-.7s-.1-.5-.3-.7zM5.8 14.7l6.2 6.3 6.2-6.3c.2-.2.3-.5.3-.7s-.1-.5-.3-.7c-.2-.2-.4-.3-.7-.3h-11c-.3 0-.5.1-.7.3-.2.2-.3.5-.3.7s.1.5.3.7z\"\/><\/svg><\/span><\/span><\/span><\/a><\/span><\/div>\n<nav><ul class='ez-toc-list ez-toc-list-level-1 eztoc-toggle-hide-by-default' ><li class='ez-toc-page-1'><a class=\"ez-toc-link ez-toc-heading-1\" href=\"https:\/\/jjfconsultores.com\/index.php\/2024\/03\/29\/maximiza-tu-declaracion-de-la-renta-desgravando-el-alquiler\/#%C2%BFQue_deduccion_por_alquiler_se_aplica_en_Andalucia\" >\u00bfQu\u00e9 deducci\u00f3n por alquiler se aplica en Andaluc\u00eda?<\/a><\/li><li class='ez-toc-page-1'><a class=\"ez-toc-link ez-toc-heading-2\" href=\"https:\/\/jjfconsultores.com\/index.php\/2024\/03\/29\/maximiza-tu-declaracion-de-la-renta-desgravando-el-alquiler\/#%C2%BFQuien_tiene_derecho_a_deduccion_por_alquiler_de_vivienda\" >\u00bfQui\u00e9n tiene derecho a deducci\u00f3n por alquiler de vivienda?<\/a><\/li><li class='ez-toc-page-1'><a class=\"ez-toc-link ez-toc-heading-3\" href=\"https:\/\/jjfconsultores.com\/index.php\/2024\/03\/29\/maximiza-tu-declaracion-de-la-renta-desgravando-el-alquiler\/#%C2%BFComo_saber_si_me_puedo_deducir_de_mi_renta_el_alquiler_en_Andalucia\" >\u00bfC\u00f3mo saber si me puedo deducir de mi renta el alquiler en Andaluc\u00eda?<\/a><\/li><li class='ez-toc-page-1'><a class=\"ez-toc-link ez-toc-heading-4\" href=\"https:\/\/jjfconsultores.com\/index.php\/2024\/03\/29\/maximiza-tu-declaracion-de-la-renta-desgravando-el-alquiler\/#%C2%BFQue_pasa_si_presento_la_declaracion_de_la_renta_junto_a_mi_pareja\" >\u00bfQu\u00e9 pasa si presento la declaraci\u00f3n de la renta junto a mi pareja?<\/a><\/li><li class='ez-toc-page-1'><a class=\"ez-toc-link ez-toc-heading-5\" href=\"https:\/\/jjfconsultores.com\/index.php\/2024\/03\/29\/maximiza-tu-declaracion-de-la-renta-desgravando-el-alquiler\/#%C2%BFPuedo_aplicar_la_deduccion_por_alquiler_en_la_renta_si_el_contrato_no_esta_a_mi_nombre\" >\u00bfPuedo aplicar la deducci\u00f3n por alquiler en la renta si el contrato no est\u00e1 a mi nombre?<\/a><\/li><li class='ez-toc-page-1'><a class=\"ez-toc-link ez-toc-heading-6\" href=\"https:\/\/jjfconsultores.com\/index.php\/2024\/03\/29\/maximiza-tu-declaracion-de-la-renta-desgravando-el-alquiler\/#%C2%BFSe_pueden_combinar_varias_deducciones_autonomicas_en_Andalucia\" >\u00bfSe pueden combinar varias deducciones auton\u00f3micas en Andaluc\u00eda?<\/a><\/li><li class='ez-toc-page-1'><a class=\"ez-toc-link ez-toc-heading-7\" href=\"https:\/\/jjfconsultores.com\/index.php\/2024\/03\/29\/maximiza-tu-declaracion-de-la-renta-desgravando-el-alquiler\/#Un_par_de_mitos_sobre_la_deduccion_en_la_renta_por_el_alquiler_en_Andalucia\" >Un par de mitos sobre la deducci\u00f3n en la renta por el alquiler en Andaluc\u00eda<\/a><\/li><li class='ez-toc-page-1'><a class=\"ez-toc-link ez-toc-heading-8\" href=\"https:\/\/jjfconsultores.com\/index.php\/2024\/03\/29\/maximiza-tu-declaracion-de-la-renta-desgravando-el-alquiler\/#%E2%9D%8C_%E2%80%9CLa_deduccion_por_alquiler_de_vivienda_habitual_es_aplicable_independientemente_de_los_ingresos%E2%80%9D\" >&#x274c; \u201cLa deducci\u00f3n por alquiler de vivienda habitual es aplicable independientemente de los ingresos\u201d<\/a><\/li><li class='ez-toc-page-1'><a class=\"ez-toc-link ez-toc-heading-9\" href=\"https:\/\/jjfconsultores.com\/index.php\/2024\/03\/29\/maximiza-tu-declaracion-de-la-renta-desgravando-el-alquiler\/#%E2%9D%8C_%E2%80%9CLa_deduccion_por_alquiler_de_vivienda_habitual_es_del_15_para_todos%E2%80%9D\" >&#x274c; \u201cLa deducci\u00f3n por alquiler de vivienda habitual es del 15% para todos\u201d<\/a><\/li><\/ul><\/nav><\/div>\n<h2 class=\"wp-block-heading\"><span class=\"ez-toc-section\" id=\"%C2%BFQue_deduccion_por_alquiler_se_aplica_en_Andalucia\"><\/span>\u00bfQu\u00e9 deducci\u00f3n por alquiler se aplica en Andaluc\u00eda?<span class=\"ez-toc-section-end\"><\/span><\/h2>\n\n\n\n<p>Gracias a la <a href=\"https:\/\/www.boe.es\/buscar\/act.php?id=BOE-A-2021-17915&amp;b=14&amp;tn=1&amp;p=20251231#a1-2\">Ley 5\/2021 de Tributos Cedidos de Andaluc\u00eda<\/a>, los inquilinos pueden deducirse un <strong>15% de las cantidades satisfechas por el alquiler de su vivienda habitual<\/strong>. El importe m\u00e1ximo de la deducci\u00f3n es de <strong>1.200 euros anuales con car\u00e1cter general<\/strong> y de <strong>1.500 euros en el caso de contribuyentes con discapacidad<\/strong>.<\/p>\n\n\n\n<h2 class=\"wp-block-heading\"><span class=\"ez-toc-section\" id=\"%C2%BFQuien_tiene_derecho_a_deduccion_por_alquiler_de_vivienda\"><\/span>\u00bfQui\u00e9n tiene derecho a deducci\u00f3n por alquiler de vivienda?<span class=\"ez-toc-section-end\"><\/span><\/h2>\n\n\n\n<p>Debes ser <strong>menor de 35 a\u00f1os o mayor de 65 a\u00f1os<\/strong>, o <strong>tener la consideraci\u00f3n de v\u00edctima de violencia dom\u00e9stica, v\u00edctima del terrorismo<\/strong> o persona afectada. Adem\u00e1s, la suma de tus bases imponibles general y del ahorro no debe superar los <strong>25.000 euros anuales si haces la tributaci\u00f3n de manera individual<\/strong>. Tambi\u00e9n tendr\u00e1s que facilitar los datos del arrendador de la vivienda haciendo constar su n\u00famero de identificaci\u00f3n fiscal en la autoliquidaci\u00f3n.<\/p>\n\n\n\n<h3 class=\"wp-block-heading\"><span class=\"ez-toc-section\" id=\"%C2%BFComo_saber_si_me_puedo_deducir_de_mi_renta_el_alquiler_en_Andalucia\"><\/span>\u00bfC\u00f3mo saber si me puedo deducir de mi renta el alquiler en Andaluc\u00eda?<span class=\"ez-toc-section-end\"><\/span><\/h3>\n\n\n\n<p><strong>Suma los importes de las casillas 435 y 460<\/strong>, correspondientes a las bases imponibles general y del ahorro. Esta cantidad determinar\u00e1 si te encuentras o no dentro del rango.<\/p>\n\n\n\n<h3 class=\"wp-block-heading\"><span class=\"ez-toc-section\" id=\"%C2%BFQue_pasa_si_presento_la_declaracion_de_la_renta_junto_a_mi_pareja\"><\/span>\u00bfQu\u00e9 pasa si presento la declaraci\u00f3n de la renta junto a mi pareja?<span class=\"ez-toc-section-end\"><\/span><\/h3>\n\n\n\n<p>En este caso, el requisito que origina el derecho a aplicar esta deducci\u00f3n deber\u00e1 cumplirlo, al menos, uno de los dos c\u00f3nyuges o, en su caso, el padre o la madre en el supuesto de familias monoparentales. Por lo tanto, si uno de los miembros cumple con los requisitos para la deducci\u00f3n, la pareja o familia monoparental podr\u00e1 aplicar la deducci\u00f3n en su declaraci\u00f3n conjunta. Recuerda que en este caso <strong>el l\u00edmite de las bases asciende a 30.000 euros<\/strong>.<\/p>\n\n\n\n<h3 class=\"wp-block-heading\"><span class=\"ez-toc-section\" id=\"%C2%BFPuedo_aplicar_la_deduccion_por_alquiler_en_la_renta_si_el_contrato_no_esta_a_mi_nombre\"><\/span>\u00bfPuedo aplicar la deducci\u00f3n por alquiler en la renta si el contrato no est\u00e1 a mi nombre?<span class=\"ez-toc-section-end\"><\/span><\/h3>\n\n\n\n<p>Aqu\u00ed no valen los trucos: si el contrato no est\u00e1 a tu nombre, Hacienda no te dejar\u00e1 aplicarla. Aunque vivas en la casa y pagues el alquiler, necesitas que tu nombre aparezca en el contrato. Si compartes piso y quieres deducir tu parte, aseg\u00farate de figurar como arrendatario.<\/p>\n\n\n\n<p>Ten en cuenta que solo podr\u00e1 aplicar la deducci\u00f3n quien figure como titular del contrato. Las cantidades abonadas por quien no conste como arrendatario no dan derecho a deducci\u00f3n, aunque conviva en ese piso.<\/p>\n\n\n\n<h3 class=\"wp-block-heading\"><span class=\"ez-toc-section\" id=\"%C2%BFSe_pueden_combinar_varias_deducciones_autonomicas_en_Andalucia\"><\/span>\u00bfSe pueden combinar varias deducciones auton\u00f3micas en Andaluc\u00eda?<span class=\"ez-toc-section-end\"><\/span><\/h3>\n\n\n\n<p>S\u00ed, si cumples los requisitos, puedes sumar varias deducciones en la renta Andaluc\u00eda. Por ejemplo, podr\u00edas beneficiarte de la deducci\u00f3n por alquiler y, adem\u00e1s, aprovechar otra por familia numerosa o por discapacidad. Cada euro que consigas desgravar es dinero que se queda en tu bolsillo.<\/p>\n\n\n\n<h2 class=\"wp-block-heading\"><span class=\"ez-toc-section\" id=\"Un_par_de_mitos_sobre_la_deduccion_en_la_renta_por_el_alquiler_en_Andalucia\"><\/span>Un par de mitos sobre la deducci\u00f3n en la renta por el alquiler en Andaluc\u00eda<span class=\"ez-toc-section-end\"><\/span><\/h2>\n\n\n\n<h3 class=\"wp-block-heading\"><span class=\"ez-toc-section\" id=\"%E2%9D%8C_%E2%80%9CLa_deduccion_por_alquiler_de_vivienda_habitual_es_aplicable_independientemente_de_los_ingresos%E2%80%9D\"><\/span>&#x274c; \u201cLa deducci\u00f3n por alquiler de vivienda habitual es aplicable independientemente de los ingresos\u201d<span class=\"ez-toc-section-end\"><\/span><\/h3>\n\n\n\n<p>&#x2714;&#xfe0f; Para aplicar esta deducci\u00f3n la suma de las bases imponibles general y del ahorro no debe superar los 25.000 euros en la tributaci\u00f3n individual ni los 30.000 en el caso de tributaci\u00f3n conjunta.<\/p>\n\n\n\n<h3 class=\"wp-block-heading\"><span class=\"ez-toc-section\" id=\"%E2%9D%8C_%E2%80%9CLa_deduccion_por_alquiler_de_vivienda_habitual_es_del_15_para_todos%E2%80%9D\"><\/span>&#x274c; \u201cLa deducci\u00f3n por alquiler de vivienda habitual es del 15% para todos\u201d<span class=\"ez-toc-section-end\"><\/span><\/h3>\n\n\n\n<p>&#x2714;&#xfe0f; Si bien la deducci\u00f3n es del 15%, el l\u00edmite m\u00e1ximo es de 1.200 euros anuales, que se eleva a 1.500 euros en caso de contribuyentes con discapacidad, por lo que, en la pr\u00e1ctica, la deducci\u00f3n no siempre alcanzar\u00e1 ese porcentaje sobre el total pagado por el alquiler.<\/p>\n\n\n\n<p>Recuerda que siempre es recomendable consultar con un profesional cuando tengas <a href=\"https:\/\/jjfconsultores.com\/index.php\/about\/asesoramiento-fiscal\/\">dudas legales o fiscales<\/a>, ya que la ley cambia de un a\u00f1o para otro y es importante verificar la informaci\u00f3n m\u00e1s reciente cuando llega la campa\u00f1a de la renta. <a href=\"https:\/\/jjfconsultores.com\/index.php\/contacto\/\">Estamos aqu\u00ed<\/a> para ayudarte a navegar por estas aguas tan turbulentas.<\/p>\n","protected":false},"excerpt":{"rendered":"<p><span class=\"span-reading-time rt-reading-time\" style=\"display: block;\"><span class=\"rt-label rt-prefix\"><b>\u23f1<\/span> <span class=\"rt-time\"> 3<\/span> <span class=\"rt-label rt-postfix\">minutos<\/b><\/span><\/span>Descubre c\u00f3mo desgravar el alquiler en tu declaraci\u00f3n de la renta si vives en Andaluc\u00eda, los requisitos y l\u00edmites que debes tener en cuenta<\/p>\n","protected":false},"author":2,"featured_media":1254,"comment_status":"open","ping_status":"open","sticky":false,"template":"","format":"standard","meta":{"_mbp_gutenberg_autopost":false,"_joinchat":[],"footnotes":""},"categories":[23,17],"tags":[],"class_list":["post-1253","post","type-post","status-publish","format-standard","has-post-thumbnail","hentry","category-inmobiliario","category-tributario"],"yoast_head":"<!-- This site is optimized with the Yoast SEO plugin v24.6 - https:\/\/yoast.com\/wordpress\/plugins\/seo\/ -->\n<title>Maximiza tu declaraci\u00f3n de la Renta desgravando el alquiler<\/title>\n<meta name=\"description\" content=\"Descubre c\u00f3mo desgravar el alquiler en tu declaraci\u00f3n de la renta si vives en Andaluc\u00eda, los requisitos y l\u00edmites que debes tener en cuenta\" \/>\n<meta name=\"robots\" content=\"index, follow, max-snippet:-1, max-image-preview:large, max-video-preview:-1\" \/>\n<link rel=\"canonical\" href=\"https:\/\/jjfconsultores.com\/index.php\/2024\/03\/29\/maximiza-tu-declaracion-de-la-renta-desgravando-el-alquiler\/\" \/>\n<meta property=\"og:locale\" content=\"es_ES\" \/>\n<meta property=\"og:type\" content=\"article\" \/>\n<meta property=\"og:title\" content=\"Maximiza tu declaraci\u00f3n de la Renta desgravando el alquiler\" \/>\n<meta property=\"og:description\" content=\"Descubre c\u00f3mo desgravar el alquiler en tu declaraci\u00f3n de la renta si vives en Andaluc\u00eda, los requisitos y l\u00edmites que debes tener en cuenta\" \/>\n<meta property=\"og:url\" content=\"https:\/\/jjfconsultores.com\/index.php\/2024\/03\/29\/maximiza-tu-declaracion-de-la-renta-desgravando-el-alquiler\/\" \/>\n<meta property=\"og:site_name\" content=\"JJF consultores y abogados en C\u00f3rdoba y M\u00e1laga\" \/>\n<meta property=\"article:publisher\" content=\"https:\/\/www.facebook.com\/JJFconsultoresyabogados\" \/>\n<meta property=\"article:published_time\" content=\"2024-03-29T09:53:47+00:00\" \/>\n<meta property=\"article:modified_time\" content=\"2026-04-09T09:37:03+00:00\" \/>\n<meta property=\"og:image\" content=\"https:\/\/jjfconsultores.com\/wp-content\/uploads\/2024\/03\/house-1407562_1280.jpg\" \/>\n\t<meta property=\"og:image:width\" content=\"1280\" \/>\n\t<meta property=\"og:image:height\" content=\"853\" \/>\n\t<meta property=\"og:image:type\" content=\"image\/jpeg\" \/>\n<meta name=\"author\" content=\"Jes\u00fas Prieto\" \/>\n<meta name=\"twitter:card\" content=\"summary_large_image\" \/>\n<meta name=\"twitter:creator\" content=\"@jesusprieto\" \/>\n<meta name=\"twitter:site\" content=\"@jesusprieto\" \/>\n<meta name=\"twitter:label1\" content=\"Escrito por\" \/>\n\t<meta name=\"twitter:data1\" content=\"Jes\u00fas Prieto\" \/>\n\t<meta name=\"twitter:label2\" content=\"Tiempo de lectura\" \/>\n\t<meta name=\"twitter:data2\" content=\"4 minutos\" \/>\n<script type=\"application\/ld+json\" class=\"yoast-schema-graph\">{\"@context\":\"https:\/\/schema.org\",\"@graph\":[{\"@type\":\"Article\",\"@id\":\"https:\/\/jjfconsultores.com\/index.php\/2024\/03\/29\/maximiza-tu-declaracion-de-la-renta-desgravando-el-alquiler\/#article\",\"isPartOf\":{\"@id\":\"https:\/\/jjfconsultores.com\/index.php\/2024\/03\/29\/maximiza-tu-declaracion-de-la-renta-desgravando-el-alquiler\/\"},\"author\":{\"name\":\"Jes\u00fas Prieto\",\"@id\":\"https:\/\/jjfconsultores.com\/#\/schema\/person\/0b6d06c97b4b6d08d10f19336a0777e2\"},\"headline\":\"Maximiza tu declaraci\u00f3n de la Renta desgravando el alquiler\",\"datePublished\":\"2024-03-29T09:53:47+00:00\",\"dateModified\":\"2026-04-09T09:37:03+00:00\",\"mainEntityOfPage\":{\"@id\":\"https:\/\/jjfconsultores.com\/index.php\/2024\/03\/29\/maximiza-tu-declaracion-de-la-renta-desgravando-el-alquiler\/\"},\"wordCount\":743,\"commentCount\":0,\"publisher\":{\"@id\":\"https:\/\/jjfconsultores.com\/#organization\"},\"image\":{\"@id\":\"https:\/\/jjfconsultores.com\/index.php\/2024\/03\/29\/maximiza-tu-declaracion-de-la-renta-desgravando-el-alquiler\/#primaryimage\"},\"thumbnailUrl\":\"https:\/\/jjfconsultores.com\/wp-content\/uploads\/2024\/03\/house-1407562_1280.jpg\",\"articleSection\":[\"Inmobiliario\",\"Tributario\"],\"inLanguage\":\"es\",\"potentialAction\":[{\"@type\":\"CommentAction\",\"name\":\"Comment\",\"target\":[\"https:\/\/jjfconsultores.com\/index.php\/2024\/03\/29\/maximiza-tu-declaracion-de-la-renta-desgravando-el-alquiler\/#respond\"]}]},{\"@type\":\"WebPage\",\"@id\":\"https:\/\/jjfconsultores.com\/index.php\/2024\/03\/29\/maximiza-tu-declaracion-de-la-renta-desgravando-el-alquiler\/\",\"url\":\"https:\/\/jjfconsultores.com\/index.php\/2024\/03\/29\/maximiza-tu-declaracion-de-la-renta-desgravando-el-alquiler\/\",\"name\":\"Maximiza tu declaraci\u00f3n de la Renta desgravando el alquiler\",\"isPartOf\":{\"@id\":\"https:\/\/jjfconsultores.com\/#website\"},\"primaryImageOfPage\":{\"@id\":\"https:\/\/jjfconsultores.com\/index.php\/2024\/03\/29\/maximiza-tu-declaracion-de-la-renta-desgravando-el-alquiler\/#primaryimage\"},\"image\":{\"@id\":\"https:\/\/jjfconsultores.com\/index.php\/2024\/03\/29\/maximiza-tu-declaracion-de-la-renta-desgravando-el-alquiler\/#primaryimage\"},\"thumbnailUrl\":\"https:\/\/jjfconsultores.com\/wp-content\/uploads\/2024\/03\/house-1407562_1280.jpg\",\"datePublished\":\"2024-03-29T09:53:47+00:00\",\"dateModified\":\"2026-04-09T09:37:03+00:00\",\"description\":\"Descubre c\u00f3mo desgravar el alquiler en tu declaraci\u00f3n de la renta si vives en Andaluc\u00eda, los requisitos y l\u00edmites que debes tener en cuenta\",\"breadcrumb\":{\"@id\":\"https:\/\/jjfconsultores.com\/index.php\/2024\/03\/29\/maximiza-tu-declaracion-de-la-renta-desgravando-el-alquiler\/#breadcrumb\"},\"inLanguage\":\"es\",\"potentialAction\":[{\"@type\":\"ReadAction\",\"target\":[\"https:\/\/jjfconsultores.com\/index.php\/2024\/03\/29\/maximiza-tu-declaracion-de-la-renta-desgravando-el-alquiler\/\"]}]},{\"@type\":\"ImageObject\",\"inLanguage\":\"es\",\"@id\":\"https:\/\/jjfconsultores.com\/index.php\/2024\/03\/29\/maximiza-tu-declaracion-de-la-renta-desgravando-el-alquiler\/#primaryimage\",\"url\":\"https:\/\/jjfconsultores.com\/wp-content\/uploads\/2024\/03\/house-1407562_1280.jpg\",\"contentUrl\":\"https:\/\/jjfconsultores.com\/wp-content\/uploads\/2024\/03\/house-1407562_1280.jpg\",\"width\":1280,\"height\":853,\"caption\":\"Descubre c\u00f3mo desgravar el alquiler en tu declaraci\u00f3n de la renta si vives en Andaluc\u00eda, los requisitos y l\u00edmites que debes tener en cuenta\"},{\"@type\":\"BreadcrumbList\",\"@id\":\"https:\/\/jjfconsultores.com\/index.php\/2024\/03\/29\/maximiza-tu-declaracion-de-la-renta-desgravando-el-alquiler\/#breadcrumb\",\"itemListElement\":[{\"@type\":\"ListItem\",\"position\":1,\"name\":\"Portada\",\"item\":\"https:\/\/jjfconsultores.com\/\"},{\"@type\":\"ListItem\",\"position\":2,\"name\":\"Maximiza tu declaraci\u00f3n de la Renta desgravando el alquiler\"}]},{\"@type\":\"WebSite\",\"@id\":\"https:\/\/jjfconsultores.com\/#website\",\"url\":\"https:\/\/jjfconsultores.com\/\",\"name\":\"JJF consultores y abogados\",\"description\":\"Asesor\u00eda fiscal, laboral, contable y jur\u00eddica en C\u00f3rdoba y M\u00e1laga\",\"publisher\":{\"@id\":\"https:\/\/jjfconsultores.com\/#organization\"},\"potentialAction\":[{\"@type\":\"SearchAction\",\"target\":{\"@type\":\"EntryPoint\",\"urlTemplate\":\"https:\/\/jjfconsultores.com\/?s={search_term_string}\"},\"query-input\":{\"@type\":\"PropertyValueSpecification\",\"valueRequired\":true,\"valueName\":\"search_term_string\"}}],\"inLanguage\":\"es\"},{\"@type\":\"Organization\",\"@id\":\"https:\/\/jjfconsultores.com\/#organization\",\"name\":\"JJF consultores y abogados\",\"url\":\"https:\/\/jjfconsultores.com\/\",\"logo\":{\"@type\":\"ImageObject\",\"inLanguage\":\"es\",\"@id\":\"https:\/\/jjfconsultores.com\/#\/schema\/logo\/image\/\",\"url\":\"https:\/\/jjfconsultores.com\/wp-content\/uploads\/2020\/01\/jjf-consultores-abogados-1.png\",\"contentUrl\":\"https:\/\/jjfconsultores.com\/wp-content\/uploads\/2020\/01\/jjf-consultores-abogados-1.png\",\"width\":500,\"height\":500,\"caption\":\"JJF consultores y abogados\"},\"image\":{\"@id\":\"https:\/\/jjfconsultores.com\/#\/schema\/logo\/image\/\"},\"sameAs\":[\"https:\/\/www.facebook.com\/JJFconsultoresyabogados\",\"https:\/\/x.com\/jesusprieto\",\"https:\/\/www.instagram.com\/JJF_consultores_abogados\/\",\"https:\/\/www.linkedin.com\/company\/jjf-soluciones-de-empresa\"]},{\"@type\":\"Person\",\"@id\":\"https:\/\/jjfconsultores.com\/#\/schema\/person\/0b6d06c97b4b6d08d10f19336a0777e2\",\"name\":\"Jes\u00fas Prieto\",\"image\":{\"@type\":\"ImageObject\",\"inLanguage\":\"es\",\"@id\":\"https:\/\/jjfconsultores.com\/#\/schema\/person\/image\/\",\"url\":\"https:\/\/secure.gravatar.com\/avatar\/3dc923b87b86c8ba1fb6af9f8a123b9036961349ef9ac29b61f40b921083f3d1?s=96&d=mm&r=g\",\"contentUrl\":\"https:\/\/secure.gravatar.com\/avatar\/3dc923b87b86c8ba1fb6af9f8a123b9036961349ef9ac29b61f40b921083f3d1?s=96&d=mm&r=g\",\"caption\":\"Jes\u00fas Prieto\"},\"url\":\"https:\/\/jjfconsultores.com\/index.php\/author\/jesus\/\"}]}<\/script>\n<!-- \/ Yoast SEO plugin. -->","yoast_head_json":{"title":"Maximiza tu declaraci\u00f3n de la Renta desgravando el alquiler","description":"Descubre c\u00f3mo desgravar el alquiler en tu declaraci\u00f3n de la renta si vives en Andaluc\u00eda, los requisitos y l\u00edmites que debes tener en cuenta","robots":{"index":"index","follow":"follow","max-snippet":"max-snippet:-1","max-image-preview":"max-image-preview:large","max-video-preview":"max-video-preview:-1"},"canonical":"https:\/\/jjfconsultores.com\/index.php\/2024\/03\/29\/maximiza-tu-declaracion-de-la-renta-desgravando-el-alquiler\/","og_locale":"es_ES","og_type":"article","og_title":"Maximiza tu declaraci\u00f3n de la Renta desgravando el alquiler","og_description":"Descubre c\u00f3mo desgravar el alquiler en tu declaraci\u00f3n de la renta si vives en Andaluc\u00eda, los requisitos y l\u00edmites que debes tener en cuenta","og_url":"https:\/\/jjfconsultores.com\/index.php\/2024\/03\/29\/maximiza-tu-declaracion-de-la-renta-desgravando-el-alquiler\/","og_site_name":"JJF consultores y abogados en C\u00f3rdoba y M\u00e1laga","article_publisher":"https:\/\/www.facebook.com\/JJFconsultoresyabogados","article_published_time":"2024-03-29T09:53:47+00:00","article_modified_time":"2026-04-09T09:37:03+00:00","og_image":[{"width":1280,"height":853,"url":"https:\/\/jjfconsultores.com\/wp-content\/uploads\/2024\/03\/house-1407562_1280.jpg","type":"image\/jpeg"}],"author":"Jes\u00fas Prieto","twitter_card":"summary_large_image","twitter_creator":"@jesusprieto","twitter_site":"@jesusprieto","twitter_misc":{"Escrito por":"Jes\u00fas Prieto","Tiempo de lectura":"4 minutos"},"schema":{"@context":"https:\/\/schema.org","@graph":[{"@type":"Article","@id":"https:\/\/jjfconsultores.com\/index.php\/2024\/03\/29\/maximiza-tu-declaracion-de-la-renta-desgravando-el-alquiler\/#article","isPartOf":{"@id":"https:\/\/jjfconsultores.com\/index.php\/2024\/03\/29\/maximiza-tu-declaracion-de-la-renta-desgravando-el-alquiler\/"},"author":{"name":"Jes\u00fas Prieto","@id":"https:\/\/jjfconsultores.com\/#\/schema\/person\/0b6d06c97b4b6d08d10f19336a0777e2"},"headline":"Maximiza tu declaraci\u00f3n de la Renta desgravando el alquiler","datePublished":"2024-03-29T09:53:47+00:00","dateModified":"2026-04-09T09:37:03+00:00","mainEntityOfPage":{"@id":"https:\/\/jjfconsultores.com\/index.php\/2024\/03\/29\/maximiza-tu-declaracion-de-la-renta-desgravando-el-alquiler\/"},"wordCount":743,"commentCount":0,"publisher":{"@id":"https:\/\/jjfconsultores.com\/#organization"},"image":{"@id":"https:\/\/jjfconsultores.com\/index.php\/2024\/03\/29\/maximiza-tu-declaracion-de-la-renta-desgravando-el-alquiler\/#primaryimage"},"thumbnailUrl":"https:\/\/jjfconsultores.com\/wp-content\/uploads\/2024\/03\/house-1407562_1280.jpg","articleSection":["Inmobiliario","Tributario"],"inLanguage":"es","potentialAction":[{"@type":"CommentAction","name":"Comment","target":["https:\/\/jjfconsultores.com\/index.php\/2024\/03\/29\/maximiza-tu-declaracion-de-la-renta-desgravando-el-alquiler\/#respond"]}]},{"@type":"WebPage","@id":"https:\/\/jjfconsultores.com\/index.php\/2024\/03\/29\/maximiza-tu-declaracion-de-la-renta-desgravando-el-alquiler\/","url":"https:\/\/jjfconsultores.com\/index.php\/2024\/03\/29\/maximiza-tu-declaracion-de-la-renta-desgravando-el-alquiler\/","name":"Maximiza tu declaraci\u00f3n de la Renta desgravando el alquiler","isPartOf":{"@id":"https:\/\/jjfconsultores.com\/#website"},"primaryImageOfPage":{"@id":"https:\/\/jjfconsultores.com\/index.php\/2024\/03\/29\/maximiza-tu-declaracion-de-la-renta-desgravando-el-alquiler\/#primaryimage"},"image":{"@id":"https:\/\/jjfconsultores.com\/index.php\/2024\/03\/29\/maximiza-tu-declaracion-de-la-renta-desgravando-el-alquiler\/#primaryimage"},"thumbnailUrl":"https:\/\/jjfconsultores.com\/wp-content\/uploads\/2024\/03\/house-1407562_1280.jpg","datePublished":"2024-03-29T09:53:47+00:00","dateModified":"2026-04-09T09:37:03+00:00","description":"Descubre c\u00f3mo desgravar el alquiler en tu declaraci\u00f3n de la renta si vives en Andaluc\u00eda, los requisitos y l\u00edmites que debes tener en cuenta","breadcrumb":{"@id":"https:\/\/jjfconsultores.com\/index.php\/2024\/03\/29\/maximiza-tu-declaracion-de-la-renta-desgravando-el-alquiler\/#breadcrumb"},"inLanguage":"es","potentialAction":[{"@type":"ReadAction","target":["https:\/\/jjfconsultores.com\/index.php\/2024\/03\/29\/maximiza-tu-declaracion-de-la-renta-desgravando-el-alquiler\/"]}]},{"@type":"ImageObject","inLanguage":"es","@id":"https:\/\/jjfconsultores.com\/index.php\/2024\/03\/29\/maximiza-tu-declaracion-de-la-renta-desgravando-el-alquiler\/#primaryimage","url":"https:\/\/jjfconsultores.com\/wp-content\/uploads\/2024\/03\/house-1407562_1280.jpg","contentUrl":"https:\/\/jjfconsultores.com\/wp-content\/uploads\/2024\/03\/house-1407562_1280.jpg","width":1280,"height":853,"caption":"Descubre c\u00f3mo desgravar el alquiler en tu declaraci\u00f3n de la renta si vives en Andaluc\u00eda, los requisitos y l\u00edmites que debes tener en cuenta"},{"@type":"BreadcrumbList","@id":"https:\/\/jjfconsultores.com\/index.php\/2024\/03\/29\/maximiza-tu-declaracion-de-la-renta-desgravando-el-alquiler\/#breadcrumb","itemListElement":[{"@type":"ListItem","position":1,"name":"Portada","item":"https:\/\/jjfconsultores.com\/"},{"@type":"ListItem","position":2,"name":"Maximiza tu declaraci\u00f3n de la Renta desgravando el alquiler"}]},{"@type":"WebSite","@id":"https:\/\/jjfconsultores.com\/#website","url":"https:\/\/jjfconsultores.com\/","name":"JJF consultores y abogados","description":"Asesor\u00eda fiscal, laboral, contable y jur\u00eddica en C\u00f3rdoba y M\u00e1laga","publisher":{"@id":"https:\/\/jjfconsultores.com\/#organization"},"potentialAction":[{"@type":"SearchAction","target":{"@type":"EntryPoint","urlTemplate":"https:\/\/jjfconsultores.com\/?s={search_term_string}"},"query-input":{"@type":"PropertyValueSpecification","valueRequired":true,"valueName":"search_term_string"}}],"inLanguage":"es"},{"@type":"Organization","@id":"https:\/\/jjfconsultores.com\/#organization","name":"JJF consultores y abogados","url":"https:\/\/jjfconsultores.com\/","logo":{"@type":"ImageObject","inLanguage":"es","@id":"https:\/\/jjfconsultores.com\/#\/schema\/logo\/image\/","url":"https:\/\/jjfconsultores.com\/wp-content\/uploads\/2020\/01\/jjf-consultores-abogados-1.png","contentUrl":"https:\/\/jjfconsultores.com\/wp-content\/uploads\/2020\/01\/jjf-consultores-abogados-1.png","width":500,"height":500,"caption":"JJF consultores y abogados"},"image":{"@id":"https:\/\/jjfconsultores.com\/#\/schema\/logo\/image\/"},"sameAs":["https:\/\/www.facebook.com\/JJFconsultoresyabogados","https:\/\/x.com\/jesusprieto","https:\/\/www.instagram.com\/JJF_consultores_abogados\/","https:\/\/www.linkedin.com\/company\/jjf-soluciones-de-empresa"]},{"@type":"Person","@id":"https:\/\/jjfconsultores.com\/#\/schema\/person\/0b6d06c97b4b6d08d10f19336a0777e2","name":"Jes\u00fas Prieto","image":{"@type":"ImageObject","inLanguage":"es","@id":"https:\/\/jjfconsultores.com\/#\/schema\/person\/image\/","url":"https:\/\/secure.gravatar.com\/avatar\/3dc923b87b86c8ba1fb6af9f8a123b9036961349ef9ac29b61f40b921083f3d1?s=96&d=mm&r=g","contentUrl":"https:\/\/secure.gravatar.com\/avatar\/3dc923b87b86c8ba1fb6af9f8a123b9036961349ef9ac29b61f40b921083f3d1?s=96&d=mm&r=g","caption":"Jes\u00fas Prieto"},"url":"https:\/\/jjfconsultores.com\/index.php\/author\/jesus\/"}]}},"_links":{"self":[{"href":"https:\/\/jjfconsultores.com\/index.php\/wp-json\/wp\/v2\/posts\/1253","targetHints":{"allow":["GET"]}}],"collection":[{"href":"https:\/\/jjfconsultores.com\/index.php\/wp-json\/wp\/v2\/posts"}],"about":[{"href":"https:\/\/jjfconsultores.com\/index.php\/wp-json\/wp\/v2\/types\/post"}],"author":[{"embeddable":true,"href":"https:\/\/jjfconsultores.com\/index.php\/wp-json\/wp\/v2\/users\/2"}],"replies":[{"embeddable":true,"href":"https:\/\/jjfconsultores.com\/index.php\/wp-json\/wp\/v2\/comments?post=1253"}],"version-history":[{"count":8,"href":"https:\/\/jjfconsultores.com\/index.php\/wp-json\/wp\/v2\/posts\/1253\/revisions"}],"predecessor-version":[{"id":2092,"href":"https:\/\/jjfconsultores.com\/index.php\/wp-json\/wp\/v2\/posts\/1253\/revisions\/2092"}],"wp:featuredmedia":[{"embeddable":true,"href":"https:\/\/jjfconsultores.com\/index.php\/wp-json\/wp\/v2\/media\/1254"}],"wp:attachment":[{"href":"https:\/\/jjfconsultores.com\/index.php\/wp-json\/wp\/v2\/media?parent=1253"}],"wp:term":[{"taxonomy":"category","embeddable":true,"href":"https:\/\/jjfconsultores.com\/index.php\/wp-json\/wp\/v2\/categories?post=1253"},{"taxonomy":"post_tag","embeddable":true,"href":"https:\/\/jjfconsultores.com\/index.php\/wp-json\/wp\/v2\/tags?post=1253"}],"curies":[{"name":"wp","href":"https:\/\/api.w.org\/{rel}","templated":true}]}}