{"id":1471,"date":"2024-11-07T16:49:42","date_gmt":"2024-11-07T15:49:42","guid":{"rendered":"https:\/\/jjfconsultores.com\/?p=1471"},"modified":"2024-11-07T16:49:50","modified_gmt":"2024-11-07T15:49:50","slug":"permiso-de-maternidad-de-26-semanas-para-familias-monoparentales","status":"publish","type":"post","link":"https:\/\/jjfconsultores.com\/index.php\/2024\/11\/07\/permiso-de-maternidad-de-26-semanas-para-familias-monoparentales\/","title":{"rendered":"Permiso de maternidad de 26 semanas para familias monoparentales"},"content":{"rendered":"<span class=\"span-reading-time rt-reading-time\" style=\"display: block;\"><span class=\"rt-label rt-prefix\"><b>\u23f1<\/span> <span class=\"rt-time\"> 2<\/span> <span class=\"rt-label rt-postfix\">minutos<\/b><\/span><\/span>\n<p>Imagina a Laura, una madre que enfrenta sola cada reto de la maternidad: desde las noches de insomnio hasta las ma\u00f1anas apresuradas antes del trabajo. Su realidad refleja la de muchas madres en Espa\u00f1a, quienes, a pesar de criar solas a sus hijos, cuentan con el mismo tiempo de permiso de maternidad que las familias con dos progenitores. No es dif\u00edcil imaginar c\u00f3mo esta situaci\u00f3n deja en desventaja a las familias monoparentales, en especial durante los primeros meses, cuando el tiempo y el cuidado son esenciales para el desarrollo del beb\u00e9.<\/p>\n\n\n\n<p><a href=\"https:\/\/www.tribunalconstitucional.es\/NotasDePrensaDocumentos\/NP_2024_109\/NOTA%20INFORMATIVA%20N%C2%BA%20109-2024.pdf\">El Tribunal Constitucional<\/a> ha cambiado las reglas del juego al reconocer en su \u00faltima sentencia que las madres trabajadoras de familias monoparentales merecen m\u00e1s tiempo para cuidar a sus hijos. La decisi\u00f3n <strong>ampl\u00eda el permiso de maternidad de 16 a 26 semanas<\/strong>, un paso hist\u00f3rico hacia la igualdad y la protecci\u00f3n de los menores.<\/p>\n\n\n\n<div id=\"ez-toc-container\" class=\"ez-toc-v2_0_80 counter-flat ez-toc-counter ez-toc-transparent ez-toc-container-direction\">\n<div class=\"ez-toc-title-container\">\n<p class=\"ez-toc-title ez-toc-toggle\" style=\"cursor:pointer\">Ve al grano<\/p>\n<span class=\"ez-toc-title-toggle\"><a href=\"#\" class=\"ez-toc-pull-right ez-toc-btn ez-toc-btn-xs ez-toc-btn-default ez-toc-toggle\" aria-label=\"Alternar tabla de contenidos\"><span class=\"ez-toc-js-icon-con\"><span class=\"\"><span class=\"eztoc-hide\" style=\"display:none;\">Toggle<\/span><span class=\"ez-toc-icon-toggle-span\"><svg style=\"fill: #999;color:#999\" xmlns=\"http:\/\/www.w3.org\/2000\/svg\" class=\"list-377408\" width=\"20px\" height=\"20px\" viewBox=\"0 0 24 24\" fill=\"none\"><path d=\"M6 6H4v2h2V6zm14 0H8v2h12V6zM4 11h2v2H4v-2zm16 0H8v2h12v-2zM4 16h2v2H4v-2zm16 0H8v2h12v-2z\" fill=\"currentColor\"><\/path><\/svg><svg style=\"fill: #999;color:#999\" class=\"arrow-unsorted-368013\" xmlns=\"http:\/\/www.w3.org\/2000\/svg\" width=\"10px\" height=\"10px\" viewBox=\"0 0 24 24\" version=\"1.2\" baseProfile=\"tiny\"><path d=\"M18.2 9.3l-6.2-6.3-6.2 6.3c-.2.2-.3.4-.3.7s.1.5.3.7c.2.2.4.3.7.3h11c.3 0 .5-.1.7-.3.2-.2.3-.5.3-.7s-.1-.5-.3-.7zM5.8 14.7l6.2 6.3 6.2-6.3c.2-.2.3-.5.3-.7s-.1-.5-.3-.7c-.2-.2-.4-.3-.7-.3h-11c-.3 0-.5.1-.7.3-.2.2-.3.5-.3.7s.1.5.3.7z\"\/><\/svg><\/span><\/span><\/span><\/a><\/span><\/div>\n<nav><ul class='ez-toc-list ez-toc-list-level-1 eztoc-toggle-hide-by-default' ><li class='ez-toc-page-1'><a class=\"ez-toc-link ez-toc-heading-1\" href=\"https:\/\/jjfconsultores.com\/index.php\/2024\/11\/07\/permiso-de-maternidad-de-26-semanas-para-familias-monoparentales\/#El_razonamiento_del_Tribunal_Constitucional_para_ampliar_el_permiso_de_maternidad\" >El razonamiento del Tribunal Constitucional para ampliar el permiso de maternidad<\/a><\/li><li class='ez-toc-page-1'><a class=\"ez-toc-link ez-toc-heading-2\" href=\"https:\/\/jjfconsultores.com\/index.php\/2024\/11\/07\/permiso-de-maternidad-de-26-semanas-para-familias-monoparentales\/#%C2%BFQue_supone_esta_ampliacion_para_las_madres_trabajadoras\" >\u00bfQu\u00e9 supone esta ampliaci\u00f3n para las madres trabajadoras?<\/a><\/li><li class='ez-toc-page-1'><a class=\"ez-toc-link ez-toc-heading-3\" href=\"https:\/\/jjfconsultores.com\/index.php\/2024\/11\/07\/permiso-de-maternidad-de-26-semanas-para-familias-monoparentales\/#%C2%BFPor_que_eran_insuficientes_16_semanas_de_permiso_de_maternidad\" >\u00bfPor qu\u00e9 eran insuficientes 16 semanas de permiso de maternidad?<\/a><\/li><\/ul><\/nav><\/div>\n<h2 class=\"wp-block-heading\"><span class=\"ez-toc-section\" id=\"El_razonamiento_del_Tribunal_Constitucional_para_ampliar_el_permiso_de_maternidad\"><\/span>El razonamiento del Tribunal Constitucional para ampliar el permiso de maternidad<span class=\"ez-toc-section-end\"><\/span><\/h2>\n\n\n\n<p>El origen de esta decisi\u00f3n surge del Tribunal Superior de Justicia de Catalu\u00f1a, que detect\u00f3 una clara brecha en el trato que recib\u00edan las familias monoparentales respecto a las biparentales, ya que mientras en estas \u00faltimas los dos progenitores pueden compartir el cuidado de su hijo, en una familia monoparental el \u00fanico adulto a cargo debe afrontar la totalidad de la carga.<\/p>\n\n\n\n<p>La sentencia deja clara una cuesti\u00f3n: la ley debe amparar a todas las familias, sin excepciones que generen desigualdad. Por eso, el Constitucional concluye que dejar a las madres en esta situaci\u00f3n con 16 semanas de permiso resulta discriminatorio y desproporcionado, corrigiendo esta omisi\u00f3n y buscando dar a estas familias el tiempo de cuidado que merecen.<\/p>\n\n\n\n<h3 class=\"wp-block-heading\"><span class=\"ez-toc-section\" id=\"%C2%BFQue_supone_esta_ampliacion_para_las_madres_trabajadoras\"><\/span>\u00bfQu\u00e9 supone esta ampliaci\u00f3n para las madres trabajadoras?<span class=\"ez-toc-section-end\"><\/span><\/h3>\n\n\n\n<p>De ahora en adelante, las familias monoparentales cuyos progenitores trabajen por cuenta ajena dispondr\u00e1n de 26 semanas de permiso, igualando el tiempo de cuidado que tendr\u00eda un menor en una familia biparental. Hasta ahora, la extensi\u00f3n solo se aplicaba para personal p\u00fablico, pero con este fallo, el \u00e1mbito privado se suma a la equiparaci\u00f3n.<\/p>\n\n\n\n<h3 class=\"wp-block-heading\"><span class=\"ez-toc-section\" id=\"%C2%BFPor_que_eran_insuficientes_16_semanas_de_permiso_de_maternidad\"><\/span>\u00bfPor qu\u00e9 eran insuficientes 16 semanas de permiso de maternidad?<span class=\"ez-toc-section-end\"><\/span><\/h3>\n\n\n\n<p>El <a href=\"https:\/\/www.boe.es\/buscar\/act.php?id=BOE-A-2015-11430&amp;p=20240802&amp;tn=1#a48\">art\u00edculo 48 del Estatuto de los Trabajadores<\/a> y el <a href=\"https:\/\/www.boe.es\/buscar\/act.php?id=BOE-A-2015-11724&amp;p=20241031&amp;tn=1#a177\">177 de la Ley General de la Seguridad Social<\/a> establec\u00edan la misma duraci\u00f3n del permiso para todas las trabajadoras por cuenta ajena, ignorando las circunstancias de las familias monoparentales, ya que cuando un solo progenitor est\u00e1 a cargo, el menor no recibe el tiempo de cuidado adicional que, en una familia biparental, proporciona el otro padre. Este vac\u00edo se trata de \u201cuna omisi\u00f3n sin justificaci\u00f3n\u201d que afecta los derechos de los ni\u00f1os.<\/p>\n\n\n\n<p>Por otro lado, el <a href=\"https:\/\/jjfconsultores.com\/index.php\/2024\/05\/22\/ley-de-vivienda-el-tribunal-constitucional-declara-inconstitucionales-varios-articulos\/\">Tribunal Constitucional<\/a> interpreta que de ese c\u00f3mputo<strong> deben excluirse las seis primeras semanas<\/strong>, ya que deben disfrutarse de forma ininterrumpida e inmediatamente posterior al parto, siendo esta la raz\u00f3n de que se sumen 10 semanas a las 16 primeras, en lugar de otras 16.<\/p>\n\n\n\n<p>Si tienes dudas sobre c\u00f3mo esta sentencia puede afectar tu <a href=\"https:\/\/jjfconsultores.com\/index.php\/2024\/06\/12\/una-empresa-es-obligada-a-contratar-a-su-becaria-ya-titulada\/\">situaci\u00f3n laboral<\/a> o necesitas orientaci\u00f3n en cuestiones de permisos, derechos de maternidad o cualquier otra <a href=\"https:\/\/jjfconsultores.com\/index.php\/2024\/07\/29\/subira-en-espana-la-indemnizacion-por-despido-improcedente\/\">\u00e1rea laboral<\/a>, no dudes en <a href=\"https:\/\/jjfconsultores.com\/index.php\/contacto\">ponerte en contacto con nosotros<\/a>. Nuestro equipo de expertos est\u00e1 a tu disposici\u00f3n para ofrecerte el apoyo y asesoramiento personalizado que necesitas para proteger tus derechos y los de tu familia.<\/p>\n","protected":false},"excerpt":{"rendered":"<p><span class=\"span-reading-time rt-reading-time\" style=\"display: block;\"><span class=\"rt-label rt-prefix\"><b>\u23f1<\/span> <span class=\"rt-time\"> 2<\/span> <span class=\"rt-label rt-postfix\">minutos<\/b><\/span><\/span>Imagina a Laura, una madre que enfrenta sola cada reto de la maternidad: desde las noches de insomnio hasta las ma\u00f1anas apresuradas antes del trabajo. Su realidad refleja la de muchas madres en Espa\u00f1a, quienes, a pesar de criar solas a sus hijos, cuentan con el mismo tiempo de permiso &hellip; <\/p>\n","protected":false},"author":2,"featured_media":1472,"comment_status":"closed","ping_status":"open","sticky":false,"template":"","format":"standard","meta":{"_mbp_gutenberg_autopost":false,"_joinchat":[],"footnotes":""},"categories":[15],"tags":[],"class_list":["post-1471","post","type-post","status-publish","format-standard","has-post-thumbnail","hentry","category-laboral"],"yoast_head":"<!-- This site is optimized with the Yoast SEO plugin v24.6 - https:\/\/yoast.com\/wordpress\/plugins\/seo\/ -->\n<title>Permiso de maternidad de 26 semanas para familias monoparentales<\/title>\n<meta name=\"description\" content=\"El Tribunal Constitucional ampl\u00eda el permiso de maternidad a 26 semanas para madres monoparentales en Espa\u00f1a\" \/>\n<meta name=\"robots\" content=\"index, follow, max-snippet:-1, max-image-preview:large, max-video-preview:-1\" \/>\n<link rel=\"canonical\" href=\"https:\/\/jjfconsultores.com\/index.php\/2024\/11\/07\/permiso-de-maternidad-de-26-semanas-para-familias-monoparentales\/\" \/>\n<meta property=\"og:locale\" content=\"es_ES\" \/>\n<meta property=\"og:type\" content=\"article\" \/>\n<meta property=\"og:title\" content=\"Permiso de maternidad de 26 semanas para familias monoparentales\" \/>\n<meta property=\"og:description\" content=\"El Tribunal Constitucional ampl\u00eda el permiso de maternidad a 26 semanas para madres monoparentales en Espa\u00f1a\" \/>\n<meta property=\"og:url\" content=\"https:\/\/jjfconsultores.com\/index.php\/2024\/11\/07\/permiso-de-maternidad-de-26-semanas-para-familias-monoparentales\/\" \/>\n<meta property=\"og:site_name\" content=\"JJF consultores y abogados en C\u00f3rdoba y M\u00e1laga\" \/>\n<meta property=\"article:publisher\" content=\"https:\/\/www.facebook.com\/JJFconsultoresyabogados\" \/>\n<meta property=\"article:published_time\" content=\"2024-11-07T15:49:42+00:00\" \/>\n<meta property=\"article:modified_time\" content=\"2024-11-07T15:49:50+00:00\" \/>\n<meta property=\"og:image\" content=\"https:\/\/jjfconsultores.com\/wp-content\/uploads\/2024\/11\/child-3046494_1280.jpg\" \/>\n\t<meta property=\"og:image:width\" content=\"1280\" \/>\n\t<meta property=\"og:image:height\" content=\"853\" \/>\n\t<meta property=\"og:image:type\" content=\"image\/jpeg\" \/>\n<meta name=\"author\" content=\"Jes\u00fas Prieto\" \/>\n<meta name=\"twitter:card\" content=\"summary_large_image\" \/>\n<meta name=\"twitter:creator\" content=\"@jesusprieto\" \/>\n<meta name=\"twitter:site\" content=\"@jesusprieto\" \/>\n<meta name=\"twitter:label1\" content=\"Escrito por\" \/>\n\t<meta name=\"twitter:data1\" content=\"Jes\u00fas Prieto\" \/>\n\t<meta name=\"twitter:label2\" content=\"Tiempo de lectura\" \/>\n\t<meta name=\"twitter:data2\" content=\"3 minutos\" \/>\n<script type=\"application\/ld+json\" class=\"yoast-schema-graph\">{\"@context\":\"https:\/\/schema.org\",\"@graph\":[{\"@type\":\"Article\",\"@id\":\"https:\/\/jjfconsultores.com\/index.php\/2024\/11\/07\/permiso-de-maternidad-de-26-semanas-para-familias-monoparentales\/#article\",\"isPartOf\":{\"@id\":\"https:\/\/jjfconsultores.com\/index.php\/2024\/11\/07\/permiso-de-maternidad-de-26-semanas-para-familias-monoparentales\/\"},\"author\":{\"name\":\"Jes\u00fas Prieto\",\"@id\":\"https:\/\/jjfconsultores.com\/#\/schema\/person\/0b6d06c97b4b6d08d10f19336a0777e2\"},\"headline\":\"Permiso de maternidad de 26 semanas para familias monoparentales\",\"datePublished\":\"2024-11-07T15:49:42+00:00\",\"dateModified\":\"2024-11-07T15:49:50+00:00\",\"mainEntityOfPage\":{\"@id\":\"https:\/\/jjfconsultores.com\/index.php\/2024\/11\/07\/permiso-de-maternidad-de-26-semanas-para-familias-monoparentales\/\"},\"wordCount\":570,\"publisher\":{\"@id\":\"https:\/\/jjfconsultores.com\/#organization\"},\"image\":{\"@id\":\"https:\/\/jjfconsultores.com\/index.php\/2024\/11\/07\/permiso-de-maternidad-de-26-semanas-para-familias-monoparentales\/#primaryimage\"},\"thumbnailUrl\":\"https:\/\/jjfconsultores.com\/wp-content\/uploads\/2024\/11\/child-3046494_1280.jpg\",\"articleSection\":[\"Laboral\"],\"inLanguage\":\"es\"},{\"@type\":\"WebPage\",\"@id\":\"https:\/\/jjfconsultores.com\/index.php\/2024\/11\/07\/permiso-de-maternidad-de-26-semanas-para-familias-monoparentales\/\",\"url\":\"https:\/\/jjfconsultores.com\/index.php\/2024\/11\/07\/permiso-de-maternidad-de-26-semanas-para-familias-monoparentales\/\",\"name\":\"Permiso de maternidad de 26 semanas para familias monoparentales\",\"isPartOf\":{\"@id\":\"https:\/\/jjfconsultores.com\/#website\"},\"primaryImageOfPage\":{\"@id\":\"https:\/\/jjfconsultores.com\/index.php\/2024\/11\/07\/permiso-de-maternidad-de-26-semanas-para-familias-monoparentales\/#primaryimage\"},\"image\":{\"@id\":\"https:\/\/jjfconsultores.com\/index.php\/2024\/11\/07\/permiso-de-maternidad-de-26-semanas-para-familias-monoparentales\/#primaryimage\"},\"thumbnailUrl\":\"https:\/\/jjfconsultores.com\/wp-content\/uploads\/2024\/11\/child-3046494_1280.jpg\",\"datePublished\":\"2024-11-07T15:49:42+00:00\",\"dateModified\":\"2024-11-07T15:49:50+00:00\",\"description\":\"El Tribunal Constitucional ampl\u00eda el permiso de maternidad a 26 semanas para madres monoparentales en Espa\u00f1a\",\"breadcrumb\":{\"@id\":\"https:\/\/jjfconsultores.com\/index.php\/2024\/11\/07\/permiso-de-maternidad-de-26-semanas-para-familias-monoparentales\/#breadcrumb\"},\"inLanguage\":\"es\",\"potentialAction\":[{\"@type\":\"ReadAction\",\"target\":[\"https:\/\/jjfconsultores.com\/index.php\/2024\/11\/07\/permiso-de-maternidad-de-26-semanas-para-familias-monoparentales\/\"]}]},{\"@type\":\"ImageObject\",\"inLanguage\":\"es\",\"@id\":\"https:\/\/jjfconsultores.com\/index.php\/2024\/11\/07\/permiso-de-maternidad-de-26-semanas-para-familias-monoparentales\/#primaryimage\",\"url\":\"https:\/\/jjfconsultores.com\/wp-content\/uploads\/2024\/11\/child-3046494_1280.jpg\",\"contentUrl\":\"https:\/\/jjfconsultores.com\/wp-content\/uploads\/2024\/11\/child-3046494_1280.jpg\",\"width\":1280,\"height\":853,\"caption\":\"El Tribunal Constitucional ampl\u00eda el permiso de maternidad a 26 semanas para madres monoparentales en Espa\u00f1a\"},{\"@type\":\"BreadcrumbList\",\"@id\":\"https:\/\/jjfconsultores.com\/index.php\/2024\/11\/07\/permiso-de-maternidad-de-26-semanas-para-familias-monoparentales\/#breadcrumb\",\"itemListElement\":[{\"@type\":\"ListItem\",\"position\":1,\"name\":\"Portada\",\"item\":\"https:\/\/jjfconsultores.com\/\"},{\"@type\":\"ListItem\",\"position\":2,\"name\":\"Permiso de maternidad de 26 semanas para familias monoparentales\"}]},{\"@type\":\"WebSite\",\"@id\":\"https:\/\/jjfconsultores.com\/#website\",\"url\":\"https:\/\/jjfconsultores.com\/\",\"name\":\"JJF consultores y abogados\",\"description\":\"Asesor\u00eda fiscal, laboral, contable y jur\u00eddica en C\u00f3rdoba y M\u00e1laga\",\"publisher\":{\"@id\":\"https:\/\/jjfconsultores.com\/#organization\"},\"potentialAction\":[{\"@type\":\"SearchAction\",\"target\":{\"@type\":\"EntryPoint\",\"urlTemplate\":\"https:\/\/jjfconsultores.com\/?s={search_term_string}\"},\"query-input\":{\"@type\":\"PropertyValueSpecification\",\"valueRequired\":true,\"valueName\":\"search_term_string\"}}],\"inLanguage\":\"es\"},{\"@type\":\"Organization\",\"@id\":\"https:\/\/jjfconsultores.com\/#organization\",\"name\":\"JJF consultores y abogados\",\"url\":\"https:\/\/jjfconsultores.com\/\",\"logo\":{\"@type\":\"ImageObject\",\"inLanguage\":\"es\",\"@id\":\"https:\/\/jjfconsultores.com\/#\/schema\/logo\/image\/\",\"url\":\"https:\/\/jjfconsultores.com\/wp-content\/uploads\/2020\/01\/jjf-consultores-abogados-1.png\",\"contentUrl\":\"https:\/\/jjfconsultores.com\/wp-content\/uploads\/2020\/01\/jjf-consultores-abogados-1.png\",\"width\":500,\"height\":500,\"caption\":\"JJF consultores y abogados\"},\"image\":{\"@id\":\"https:\/\/jjfconsultores.com\/#\/schema\/logo\/image\/\"},\"sameAs\":[\"https:\/\/www.facebook.com\/JJFconsultoresyabogados\",\"https:\/\/x.com\/jesusprieto\",\"https:\/\/www.instagram.com\/JJF_consultores_abogados\/\",\"https:\/\/www.linkedin.com\/company\/jjf-soluciones-de-empresa\"]},{\"@type\":\"Person\",\"@id\":\"https:\/\/jjfconsultores.com\/#\/schema\/person\/0b6d06c97b4b6d08d10f19336a0777e2\",\"name\":\"Jes\u00fas Prieto\",\"image\":{\"@type\":\"ImageObject\",\"inLanguage\":\"es\",\"@id\":\"https:\/\/jjfconsultores.com\/#\/schema\/person\/image\/\",\"url\":\"https:\/\/secure.gravatar.com\/avatar\/3dc923b87b86c8ba1fb6af9f8a123b9036961349ef9ac29b61f40b921083f3d1?s=96&d=mm&r=g\",\"contentUrl\":\"https:\/\/secure.gravatar.com\/avatar\/3dc923b87b86c8ba1fb6af9f8a123b9036961349ef9ac29b61f40b921083f3d1?s=96&d=mm&r=g\",\"caption\":\"Jes\u00fas Prieto\"},\"url\":\"https:\/\/jjfconsultores.com\/index.php\/author\/jesus\/\"}]}<\/script>\n<!-- \/ Yoast SEO plugin. -->","yoast_head_json":{"title":"Permiso de maternidad de 26 semanas para familias monoparentales","description":"El Tribunal Constitucional ampl\u00eda el permiso de maternidad a 26 semanas para madres monoparentales en Espa\u00f1a","robots":{"index":"index","follow":"follow","max-snippet":"max-snippet:-1","max-image-preview":"max-image-preview:large","max-video-preview":"max-video-preview:-1"},"canonical":"https:\/\/jjfconsultores.com\/index.php\/2024\/11\/07\/permiso-de-maternidad-de-26-semanas-para-familias-monoparentales\/","og_locale":"es_ES","og_type":"article","og_title":"Permiso de maternidad de 26 semanas para familias monoparentales","og_description":"El Tribunal Constitucional ampl\u00eda el permiso de maternidad a 26 semanas para madres monoparentales en Espa\u00f1a","og_url":"https:\/\/jjfconsultores.com\/index.php\/2024\/11\/07\/permiso-de-maternidad-de-26-semanas-para-familias-monoparentales\/","og_site_name":"JJF consultores y abogados en C\u00f3rdoba y M\u00e1laga","article_publisher":"https:\/\/www.facebook.com\/JJFconsultoresyabogados","article_published_time":"2024-11-07T15:49:42+00:00","article_modified_time":"2024-11-07T15:49:50+00:00","og_image":[{"width":1280,"height":853,"url":"https:\/\/jjfconsultores.com\/wp-content\/uploads\/2024\/11\/child-3046494_1280.jpg","type":"image\/jpeg"}],"author":"Jes\u00fas Prieto","twitter_card":"summary_large_image","twitter_creator":"@jesusprieto","twitter_site":"@jesusprieto","twitter_misc":{"Escrito por":"Jes\u00fas Prieto","Tiempo de lectura":"3 minutos"},"schema":{"@context":"https:\/\/schema.org","@graph":[{"@type":"Article","@id":"https:\/\/jjfconsultores.com\/index.php\/2024\/11\/07\/permiso-de-maternidad-de-26-semanas-para-familias-monoparentales\/#article","isPartOf":{"@id":"https:\/\/jjfconsultores.com\/index.php\/2024\/11\/07\/permiso-de-maternidad-de-26-semanas-para-familias-monoparentales\/"},"author":{"name":"Jes\u00fas Prieto","@id":"https:\/\/jjfconsultores.com\/#\/schema\/person\/0b6d06c97b4b6d08d10f19336a0777e2"},"headline":"Permiso de maternidad de 26 semanas para familias monoparentales","datePublished":"2024-11-07T15:49:42+00:00","dateModified":"2024-11-07T15:49:50+00:00","mainEntityOfPage":{"@id":"https:\/\/jjfconsultores.com\/index.php\/2024\/11\/07\/permiso-de-maternidad-de-26-semanas-para-familias-monoparentales\/"},"wordCount":570,"publisher":{"@id":"https:\/\/jjfconsultores.com\/#organization"},"image":{"@id":"https:\/\/jjfconsultores.com\/index.php\/2024\/11\/07\/permiso-de-maternidad-de-26-semanas-para-familias-monoparentales\/#primaryimage"},"thumbnailUrl":"https:\/\/jjfconsultores.com\/wp-content\/uploads\/2024\/11\/child-3046494_1280.jpg","articleSection":["Laboral"],"inLanguage":"es"},{"@type":"WebPage","@id":"https:\/\/jjfconsultores.com\/index.php\/2024\/11\/07\/permiso-de-maternidad-de-26-semanas-para-familias-monoparentales\/","url":"https:\/\/jjfconsultores.com\/index.php\/2024\/11\/07\/permiso-de-maternidad-de-26-semanas-para-familias-monoparentales\/","name":"Permiso de maternidad de 26 semanas para familias monoparentales","isPartOf":{"@id":"https:\/\/jjfconsultores.com\/#website"},"primaryImageOfPage":{"@id":"https:\/\/jjfconsultores.com\/index.php\/2024\/11\/07\/permiso-de-maternidad-de-26-semanas-para-familias-monoparentales\/#primaryimage"},"image":{"@id":"https:\/\/jjfconsultores.com\/index.php\/2024\/11\/07\/permiso-de-maternidad-de-26-semanas-para-familias-monoparentales\/#primaryimage"},"thumbnailUrl":"https:\/\/jjfconsultores.com\/wp-content\/uploads\/2024\/11\/child-3046494_1280.jpg","datePublished":"2024-11-07T15:49:42+00:00","dateModified":"2024-11-07T15:49:50+00:00","description":"El Tribunal Constitucional ampl\u00eda el permiso de maternidad a 26 semanas para madres monoparentales en Espa\u00f1a","breadcrumb":{"@id":"https:\/\/jjfconsultores.com\/index.php\/2024\/11\/07\/permiso-de-maternidad-de-26-semanas-para-familias-monoparentales\/#breadcrumb"},"inLanguage":"es","potentialAction":[{"@type":"ReadAction","target":["https:\/\/jjfconsultores.com\/index.php\/2024\/11\/07\/permiso-de-maternidad-de-26-semanas-para-familias-monoparentales\/"]}]},{"@type":"ImageObject","inLanguage":"es","@id":"https:\/\/jjfconsultores.com\/index.php\/2024\/11\/07\/permiso-de-maternidad-de-26-semanas-para-familias-monoparentales\/#primaryimage","url":"https:\/\/jjfconsultores.com\/wp-content\/uploads\/2024\/11\/child-3046494_1280.jpg","contentUrl":"https:\/\/jjfconsultores.com\/wp-content\/uploads\/2024\/11\/child-3046494_1280.jpg","width":1280,"height":853,"caption":"El Tribunal Constitucional ampl\u00eda el permiso de maternidad a 26 semanas para madres monoparentales en Espa\u00f1a"},{"@type":"BreadcrumbList","@id":"https:\/\/jjfconsultores.com\/index.php\/2024\/11\/07\/permiso-de-maternidad-de-26-semanas-para-familias-monoparentales\/#breadcrumb","itemListElement":[{"@type":"ListItem","position":1,"name":"Portada","item":"https:\/\/jjfconsultores.com\/"},{"@type":"ListItem","position":2,"name":"Permiso de maternidad de 26 semanas para familias monoparentales"}]},{"@type":"WebSite","@id":"https:\/\/jjfconsultores.com\/#website","url":"https:\/\/jjfconsultores.com\/","name":"JJF consultores y abogados","description":"Asesor\u00eda fiscal, laboral, contable y jur\u00eddica en C\u00f3rdoba y M\u00e1laga","publisher":{"@id":"https:\/\/jjfconsultores.com\/#organization"},"potentialAction":[{"@type":"SearchAction","target":{"@type":"EntryPoint","urlTemplate":"https:\/\/jjfconsultores.com\/?s={search_term_string}"},"query-input":{"@type":"PropertyValueSpecification","valueRequired":true,"valueName":"search_term_string"}}],"inLanguage":"es"},{"@type":"Organization","@id":"https:\/\/jjfconsultores.com\/#organization","name":"JJF consultores y abogados","url":"https:\/\/jjfconsultores.com\/","logo":{"@type":"ImageObject","inLanguage":"es","@id":"https:\/\/jjfconsultores.com\/#\/schema\/logo\/image\/","url":"https:\/\/jjfconsultores.com\/wp-content\/uploads\/2020\/01\/jjf-consultores-abogados-1.png","contentUrl":"https:\/\/jjfconsultores.com\/wp-content\/uploads\/2020\/01\/jjf-consultores-abogados-1.png","width":500,"height":500,"caption":"JJF consultores y abogados"},"image":{"@id":"https:\/\/jjfconsultores.com\/#\/schema\/logo\/image\/"},"sameAs":["https:\/\/www.facebook.com\/JJFconsultoresyabogados","https:\/\/x.com\/jesusprieto","https:\/\/www.instagram.com\/JJF_consultores_abogados\/","https:\/\/www.linkedin.com\/company\/jjf-soluciones-de-empresa"]},{"@type":"Person","@id":"https:\/\/jjfconsultores.com\/#\/schema\/person\/0b6d06c97b4b6d08d10f19336a0777e2","name":"Jes\u00fas Prieto","image":{"@type":"ImageObject","inLanguage":"es","@id":"https:\/\/jjfconsultores.com\/#\/schema\/person\/image\/","url":"https:\/\/secure.gravatar.com\/avatar\/3dc923b87b86c8ba1fb6af9f8a123b9036961349ef9ac29b61f40b921083f3d1?s=96&d=mm&r=g","contentUrl":"https:\/\/secure.gravatar.com\/avatar\/3dc923b87b86c8ba1fb6af9f8a123b9036961349ef9ac29b61f40b921083f3d1?s=96&d=mm&r=g","caption":"Jes\u00fas Prieto"},"url":"https:\/\/jjfconsultores.com\/index.php\/author\/jesus\/"}]}},"_links":{"self":[{"href":"https:\/\/jjfconsultores.com\/index.php\/wp-json\/wp\/v2\/posts\/1471","targetHints":{"allow":["GET"]}}],"collection":[{"href":"https:\/\/jjfconsultores.com\/index.php\/wp-json\/wp\/v2\/posts"}],"about":[{"href":"https:\/\/jjfconsultores.com\/index.php\/wp-json\/wp\/v2\/types\/post"}],"author":[{"embeddable":true,"href":"https:\/\/jjfconsultores.com\/index.php\/wp-json\/wp\/v2\/users\/2"}],"replies":[{"embeddable":true,"href":"https:\/\/jjfconsultores.com\/index.php\/wp-json\/wp\/v2\/comments?post=1471"}],"version-history":[{"count":2,"href":"https:\/\/jjfconsultores.com\/index.php\/wp-json\/wp\/v2\/posts\/1471\/revisions"}],"predecessor-version":[{"id":1476,"href":"https:\/\/jjfconsultores.com\/index.php\/wp-json\/wp\/v2\/posts\/1471\/revisions\/1476"}],"wp:featuredmedia":[{"embeddable":true,"href":"https:\/\/jjfconsultores.com\/index.php\/wp-json\/wp\/v2\/media\/1472"}],"wp:attachment":[{"href":"https:\/\/jjfconsultores.com\/index.php\/wp-json\/wp\/v2\/media?parent=1471"}],"wp:term":[{"taxonomy":"category","embeddable":true,"href":"https:\/\/jjfconsultores.com\/index.php\/wp-json\/wp\/v2\/categories?post=1471"},{"taxonomy":"post_tag","embeddable":true,"href":"https:\/\/jjfconsultores.com\/index.php\/wp-json\/wp\/v2\/tags?post=1471"}],"curies":[{"name":"wp","href":"https:\/\/api.w.org\/{rel}","templated":true}]}}