{"id":1724,"date":"2025-03-17T17:05:07","date_gmt":"2025-03-17T16:05:07","guid":{"rendered":"https:\/\/jjfconsultores.com\/?p=1724"},"modified":"2025-04-22T15:49:53","modified_gmt":"2025-04-22T14:49:53","slug":"renta-y-desempleo-debo-hacer-la-declaracion-si-cobre-el-paro","status":"publish","type":"post","link":"https:\/\/jjfconsultores.com\/index.php\/2025\/03\/17\/renta-y-desempleo-debo-hacer-la-declaracion-si-cobre-el-paro\/","title":{"rendered":"Renta y desempleo: \u00bfdebo hacer la Declaraci\u00f3n si cobr\u00e9 el paro?"},"content":{"rendered":"<span class=\"span-reading-time rt-reading-time\" style=\"display: block;\"><span class=\"rt-label rt-prefix\"><b>\u23f1<\/span> <span class=\"rt-time\"> 4<\/span> <span class=\"rt-label rt-postfix\">minutos<\/b><\/span><\/span>\n<p>Si has cobrado el paro, es probable que te preguntes: \u201c\u00bfTengo que hacer la Declaraci\u00f3n de la Renta este a\u00f1o?\u201d. El Servicio P\u00fablico de Empleo Estatal (SEPE) ha emitido una <a href=\"https:\/\/www.eleconomista.es\/economia\/noticias\/13268421\/03\/25\/los-parados-podran-recibir-la-prestacion-o-el-subsidio-aunque-no-presenten-la-declaracion-de-la-renta.html\">instrucci\u00f3n aclarando este punto<\/a>, dejando sin efecto (por ahora) la exigencia de declarar el IRPF en 2024, recogida en el <a href=\"https:\/\/www.boe.es\/buscar\/act.php?id=BOE-A-2015-11724&amp;p=20250129&amp;tn=1#a299\">art\u00edculo 299.1.k) de la Ley General de la Seguridad Social<\/a> desde su modificaci\u00f3n por el <a href=\"https:\/\/www.boe.es\/buscar\/act.php?id=BOE-A-2024-10235#as\">Real Decreto-ley 2\/2024, de 21 de mayo<\/a>. Esto no significa que la obligaci\u00f3n haya desaparecido, sino que se ha aplazado hasta 2026.<\/p>\n\n\n\n<div id=\"ez-toc-container\" class=\"ez-toc-v2_0_80 counter-flat ez-toc-counter ez-toc-transparent ez-toc-container-direction\">\n<div class=\"ez-toc-title-container\">\n<p class=\"ez-toc-title ez-toc-toggle\" style=\"cursor:pointer\">Ve al grano<\/p>\n<span class=\"ez-toc-title-toggle\"><a href=\"#\" class=\"ez-toc-pull-right ez-toc-btn ez-toc-btn-xs ez-toc-btn-default ez-toc-toggle\" aria-label=\"Alternar tabla de contenidos\"><span class=\"ez-toc-js-icon-con\"><span class=\"\"><span class=\"eztoc-hide\" style=\"display:none;\">Toggle<\/span><span class=\"ez-toc-icon-toggle-span\"><svg style=\"fill: #999;color:#999\" xmlns=\"http:\/\/www.w3.org\/2000\/svg\" class=\"list-377408\" width=\"20px\" height=\"20px\" viewBox=\"0 0 24 24\" fill=\"none\"><path d=\"M6 6H4v2h2V6zm14 0H8v2h12V6zM4 11h2v2H4v-2zm16 0H8v2h12v-2zM4 16h2v2H4v-2zm16 0H8v2h12v-2z\" fill=\"currentColor\"><\/path><\/svg><svg style=\"fill: #999;color:#999\" class=\"arrow-unsorted-368013\" xmlns=\"http:\/\/www.w3.org\/2000\/svg\" width=\"10px\" height=\"10px\" viewBox=\"0 0 24 24\" version=\"1.2\" baseProfile=\"tiny\"><path d=\"M18.2 9.3l-6.2-6.3-6.2 6.3c-.2.2-.3.4-.3.7s.1.5.3.7c.2.2.4.3.7.3h11c.3 0 .5-.1.7-.3.2-.2.3-.5.3-.7s-.1-.5-.3-.7zM5.8 14.7l6.2 6.3 6.2-6.3c.2-.2.3-.5.3-.7s-.1-.5-.3-.7c-.2-.2-.4-.3-.7-.3h-11c-.3 0-.5.1-.7.3-.2.2-.3.5-.3.7s.1.5.3.7z\"\/><\/svg><\/span><\/span><\/span><\/a><\/span><\/div>\n<nav><ul class='ez-toc-list ez-toc-list-level-1 eztoc-toggle-hide-by-default' ><li class='ez-toc-page-1'><a class=\"ez-toc-link ez-toc-heading-1\" href=\"https:\/\/jjfconsultores.com\/index.php\/2025\/03\/17\/renta-y-desempleo-debo-hacer-la-declaracion-si-cobre-el-paro\/#%C2%BFLos_beneficiarios_del_paro_deben_presentar_la_Renta_de_2024\" >\u00bfLos beneficiarios del paro deben presentar la Renta de 2024?<\/a><\/li><li class='ez-toc-page-1'><a class=\"ez-toc-link ez-toc-heading-2\" href=\"https:\/\/jjfconsultores.com\/index.php\/2025\/03\/17\/renta-y-desempleo-debo-hacer-la-declaracion-si-cobre-el-paro\/#%C2%BFComo_influye_el_numero_de_pagadores_en_mi_obligacion_de_presentar_el_IRPF\" >\u00bfC\u00f3mo influye el n\u00famero de pagadores en mi obligaci\u00f3n de presentar el IRPF?<\/a><\/li><li class='ez-toc-page-1'><a class=\"ez-toc-link ez-toc-heading-3\" href=\"https:\/\/jjfconsultores.com\/index.php\/2025\/03\/17\/renta-y-desempleo-debo-hacer-la-declaracion-si-cobre-el-paro\/#%C2%BFCuando_sera_obligatorio_presentar_la_Declaracion_de_la_Renta_para_todos_los_parados\" >\u00bfCu\u00e1ndo ser\u00e1 obligatorio presentar la Declaraci\u00f3n de la Renta para todos los parados?<\/a><\/li><li class='ez-toc-page-1'><a class=\"ez-toc-link ez-toc-heading-4\" href=\"https:\/\/jjfconsultores.com\/index.php\/2025\/03\/17\/renta-y-desempleo-debo-hacer-la-declaracion-si-cobre-el-paro\/#%C2%BFLos_autonomos_y_los_beneficiarios_del_IMV_deben_presentar_la_Renta\" >\u00bfLos aut\u00f3nomos y los beneficiarios del IMV deben presentar la Renta?<\/a><\/li><li class='ez-toc-page-1'><a class=\"ez-toc-link ez-toc-heading-5\" href=\"https:\/\/jjfconsultores.com\/index.php\/2025\/03\/17\/renta-y-desempleo-debo-hacer-la-declaracion-si-cobre-el-paro\/#Entonces_%C2%BFtengo_que_presentar_la_Renta_si_cobre_el_paro_en_2024\" >Entonces, \u00bftengo que presentar la Renta si cobr\u00e9 el paro en 2024?<\/a><\/li><li class='ez-toc-page-1'><a class=\"ez-toc-link ez-toc-heading-6\" href=\"https:\/\/jjfconsultores.com\/index.php\/2025\/03\/17\/renta-y-desempleo-debo-hacer-la-declaracion-si-cobre-el-paro\/#He_estado_en_el_paro_solo_unos_meses_%C2%BFtendre_que_hacer_la_Declaracion_de_la_Renta_en_2026\" >He estado en el paro solo unos meses, \u00bftendr\u00e9 que hacer la Declaraci\u00f3n de la Renta en 2026?<\/a><\/li><li class='ez-toc-page-1'><a class=\"ez-toc-link ez-toc-heading-7\" href=\"https:\/\/jjfconsultores.com\/index.php\/2025\/03\/17\/renta-y-desempleo-debo-hacer-la-declaracion-si-cobre-el-paro\/#%C2%BFComo_sabre_si_me_conviene_presentar_la_Declaracion_de_la_Renta_aunque_no_este_obligado\" >\u00bfC\u00f3mo sabr\u00e9 si me conviene presentar la Declaraci\u00f3n de la Renta aunque no est\u00e9 obligado?<\/a><\/li><li class='ez-toc-page-1'><a class=\"ez-toc-link ez-toc-heading-8\" href=\"https:\/\/jjfconsultores.com\/index.php\/2025\/03\/17\/renta-y-desempleo-debo-hacer-la-declaracion-si-cobre-el-paro\/#%C2%BFCuales_son_los_errores_mas_comunes_al_presentar_la_renta_cobrando_el_paro\" >\u00bfCu\u00e1les son los errores m\u00e1s comunes al presentar la renta cobrando el paro?<\/a><\/li><li class='ez-toc-page-1'><a class=\"ez-toc-link ez-toc-heading-9\" href=\"https:\/\/jjfconsultores.com\/index.php\/2025\/03\/17\/renta-y-desempleo-debo-hacer-la-declaracion-si-cobre-el-paro\/#5_tips_para_no_tener_problemas_con_Hacienda_si_cobras_el_paro\" >5 tips para no tener problemas con Hacienda si cobras el paro<\/a><\/li><li class='ez-toc-page-1'><a class=\"ez-toc-link ez-toc-heading-10\" href=\"https:\/\/jjfconsultores.com\/index.php\/2025\/03\/17\/renta-y-desempleo-debo-hacer-la-declaracion-si-cobre-el-paro\/#1_Consulta_fuentes_oficiales_y_no_te_fies_de_los_rumores\" >1. Consulta fuentes oficiales y no te f\u00edes de los rumores<\/a><\/li><li class='ez-toc-page-1'><a class=\"ez-toc-link ez-toc-heading-11\" href=\"https:\/\/jjfconsultores.com\/index.php\/2025\/03\/17\/renta-y-desempleo-debo-hacer-la-declaracion-si-cobre-el-paro\/#2_Calcula_bien_tus_ingresos\" >2. Calcula bien tus ingresos<\/a><\/li><li class='ez-toc-page-1'><a class=\"ez-toc-link ez-toc-heading-12\" href=\"https:\/\/jjfconsultores.com\/index.php\/2025\/03\/17\/renta-y-desempleo-debo-hacer-la-declaracion-si-cobre-el-paro\/#3_Guarda_todos_los_documentos_aunque_no_declares_este_ano\" >3. Guarda todos los documentos, aunque no declares este a\u00f1o<\/a><\/li><li class='ez-toc-page-1'><a class=\"ez-toc-link ez-toc-heading-13\" href=\"https:\/\/jjfconsultores.com\/index.php\/2025\/03\/17\/renta-y-desempleo-debo-hacer-la-declaracion-si-cobre-el-paro\/#4_Si_trabajas_por_cuenta_propia_si_o_si_tendras_que_declarar\" >4. Si trabajas por cuenta propia, s\u00ed o s\u00ed tendr\u00e1s que declarar<\/a><\/li><li class='ez-toc-page-1'><a class=\"ez-toc-link ez-toc-heading-14\" href=\"https:\/\/jjfconsultores.com\/index.php\/2025\/03\/17\/renta-y-desempleo-debo-hacer-la-declaracion-si-cobre-el-paro\/#5_Planifica_desde_ya_para_no_tener_problemas_en_2026\" >5. Planifica desde ya para no tener problemas en 2026<\/a><\/li><li class='ez-toc-page-1'><a class=\"ez-toc-link ez-toc-heading-15\" href=\"https:\/\/jjfconsultores.com\/index.php\/2025\/03\/17\/renta-y-desempleo-debo-hacer-la-declaracion-si-cobre-el-paro\/#%C2%BFDonde_puedo_pedir_ayuda_para_presentar_mi_Declaracion_de_la_Renta_correctamente\" >\u00bfD\u00f3nde puedo pedir ayuda para presentar mi Declaraci\u00f3n de la Renta correctamente?<\/a><\/li><\/ul><\/nav><\/div>\n<h2 class=\"wp-block-heading\"><span class=\"ez-toc-section\" id=\"%C2%BFLos_beneficiarios_del_paro_deben_presentar_la_Renta_de_2024\"><\/span>\u00bfLos beneficiarios del paro deben presentar la Renta de 2024?<span class=\"ez-toc-section-end\"><\/span><\/h2>\n\n\n\n<p>Cuando el Gobierno aprob\u00f3 la reforma del subsidio por desempleo, incluy\u00f3 la obligaci\u00f3n para sus beneficiarios de hacer la Declaraci\u00f3n de la Renta, aunque no llegasen al m\u00ednimo exigido para el resto de contribuyentes.<\/p>\n\n\n\n<p>La medida iba a aplicarse por primera vez en 2025, pero el Ejecutivo ha decidido dejarla para m\u00e1s adelante. \u00bfEl motivo? La normativa entr\u00f3 en vigor el 1 de noviembre de 2024, lo que significa que durante la mayor parte del a\u00f1o pasado esta obligaci\u00f3n no exist\u00eda. Por ahora, si cobras el paro, seguir\u00e1s bajo las normas generales del IRPF.<\/p>\n\n\n\n<h3 class=\"wp-block-heading\"><span class=\"ez-toc-section\" id=\"%C2%BFComo_influye_el_numero_de_pagadores_en_mi_obligacion_de_presentar_el_IRPF\"><\/span>\u00bfC\u00f3mo influye el n\u00famero de pagadores en mi obligaci\u00f3n de presentar el IRPF?<span class=\"ez-toc-section-end\"><\/span><\/h3>\n\n\n\n<ul class=\"wp-block-list\">\n<li>Si solo has tenido un pagador (por ejemplo, tu empresa), el l\u00edmite es de 22.000 euros anuales.<\/li>\n\n\n\n<li>Si has tenido m\u00e1s de un pagador, la cosa cambia: si cada uno de ellos te ha abonado m\u00e1s de 1.500 euros, el umbral baja a 15.876 euros.<\/li>\n<\/ul>\n\n\n\n<p>Esto significa que si has trabajado parte del a\u00f1o y luego has cobrado el paro (el SEPE cuenta como pagador), es muy probable que tengas que presentar la declaraci\u00f3n y lo mismo ocurre si has tenido contratos temporales.<\/p>\n\n\n\n<h3 class=\"wp-block-heading\"><span class=\"ez-toc-section\" id=\"%C2%BFCuando_sera_obligatorio_presentar_la_Declaracion_de_la_Renta_para_todos_los_parados\"><\/span>\u00bfCu\u00e1ndo ser\u00e1 obligatorio presentar la Declaraci\u00f3n de la Renta para todos los parados?<span class=\"ez-toc-section-end\"><\/span><\/h3>\n\n\n\n<p>Aunque este a\u00f1o te libres, la obligaci\u00f3n llegar\u00e1 en 2026. A partir de entonces, cuando percibas la prestaci\u00f3n por desempleo, tendr\u00e1s que presentar la Renta, sin tener en cuenta tus ingresos.<\/p>\n\n\n\n<h3 class=\"wp-block-heading\"><span class=\"ez-toc-section\" id=\"%C2%BFLos_autonomos_y_los_beneficiarios_del_IMV_deben_presentar_la_Renta\"><\/span>\u00bfLos aut\u00f3nomos y los beneficiarios del IMV deben presentar la Renta?<span class=\"ez-toc-section-end\"><\/span><\/h3>\n\n\n\n<p>S\u00ed. La obligaci\u00f3n sigue siendo la misma para estos colectivos:<\/p>\n\n\n\n<ul class=\"wp-block-list\">\n<li>Los aut\u00f3nomos deben presentar la Renta siempre, sin importar cu\u00e1nto hayan ganado.<\/li>\n\n\n\n<li>Para los beneficiarios del Ingreso M\u00ednimo Vital tambi\u00e9n ser\u00e1 obligatorio.<\/li>\n<\/ul>\n\n\n\n<h2 class=\"wp-block-heading\"><span class=\"ez-toc-section\" id=\"Entonces_%C2%BFtengo_que_presentar_la_Renta_si_cobre_el_paro_en_2024\"><\/span>Entonces, \u00bftengo que presentar la Renta si cobr\u00e9 el paro en 2024?<span class=\"ez-toc-section-end\"><\/span><\/h2>\n\n\n\n<p>Si has estado cobrando la prestaci\u00f3n por desempleo, en 2025 no tendr\u00e1s que presentar la <a href=\"https:\/\/jjfconsultores.com\/index.php\/2024\/03\/29\/maximiza-tu-declaracion-de-la-renta-desgravando-el-alquiler\/\">Declaraci\u00f3n de la Renta<\/a> (correspondiente al 2024), salvo que superes los l\u00edmites generales del IRPF que hemos mencionado: si recibiste m\u00e1s de 1.500 euros del SEPE y junto a los pagos de tus dem\u00e1s pagadores superaste los 15.876 euros, te tocar\u00e1 hacerla.<\/p>\n\n\n\n<h4 class=\"wp-block-heading\"><span class=\"ez-toc-section\" id=\"He_estado_en_el_paro_solo_unos_meses_%C2%BFtendre_que_hacer_la_Declaracion_de_la_Renta_en_2026\"><\/span>He estado en el paro solo unos meses, \u00bftendr\u00e9 que hacer la Declaraci\u00f3n de la Renta en 2026?<span class=\"ez-toc-section-end\"><\/span><\/h4>\n\n\n\n<p>S\u00ed. A partir de 2026, todos los que hayan cobrado el paro tendr\u00e1n que presentar la Declaraci\u00f3n de la Renta, sin excepciones. Da igual si han sido solo unos meses o tu prestaci\u00f3n ha sido m\u00ednima: si has recibido el subsidio, Hacienda querr\u00e1 tu declaraci\u00f3n.<\/p>\n\n\n\n<h4 class=\"wp-block-heading\"><span class=\"ez-toc-section\" id=\"%C2%BFComo_sabre_si_me_conviene_presentar_la_Declaracion_de_la_Renta_aunque_no_este_obligado\"><\/span>\u00bfC\u00f3mo sabr\u00e9 si me conviene presentar la Declaraci\u00f3n de la Renta aunque no est\u00e9 obligado?<span class=\"ez-toc-section-end\"><\/span><\/h4>\n\n\n\n<p>Cada a\u00f1o, muchas personas dejan escapar devoluciones simplemente porque no revisaron su borrador. Si presentas la Declaraci\u00f3n de la Renta, podr\u00edas recuperar parte del dinero que te hayan retenido en concepto de IRPF. La mejor forma de saberlo es revisar tu borrador.<\/p>\n\n\n\n<h3 class=\"wp-block-heading\"><span class=\"ez-toc-section\" id=\"%C2%BFCuales_son_los_errores_mas_comunes_al_presentar_la_renta_cobrando_el_paro\"><\/span>\u00bfCu\u00e1les son los errores m\u00e1s comunes al presentar la renta cobrando el paro?<span class=\"ez-toc-section-end\"><\/span><\/h3>\n\n\n\n<ul class=\"wp-block-list\">\n<li>No revisar bien las retenciones: muchas prestaciones llevan poca o ninguna retenci\u00f3n, lo que puede hacer que la renta salga a pagar.<\/li>\n\n\n\n<li>No declarar otros ingresos: trabajos espor\u00e1dicos, indemnizaciones o ayudas pueden hacer que tengas que presentar la declaraci\u00f3n.<\/li>\n\n\n\n<li>Aceptar el borrador sin revisarlo: el borrador de la Agencia Tributaria no siempre es correcto. Revisarlo antes de presentarlo puede evitarte problemas.<\/li>\n<\/ul>\n\n\n\n<p>Un peque\u00f1o descuido puede costarte dinero o, en el peor de los casos, una sanci\u00f3n. Aseg\u00farate de revisar bien cada dato antes de presentar tu declaraci\u00f3n.<\/p>\n\n\n\n<h2 class=\"wp-block-heading\"><span class=\"ez-toc-section\" id=\"5_tips_para_no_tener_problemas_con_Hacienda_si_cobras_el_paro\"><\/span>5 <em>tips<\/em> para no tener problemas con Hacienda si cobras el paro<span class=\"ez-toc-section-end\"><\/span><\/h2>\n\n\n\n<p>Cada a\u00f1o, con la llegada de la campa\u00f1a de la Renta, surgen dudas, rumores e incluso <em>fake news<\/em> sobre qui\u00e9n est\u00e1 obligado a declarar y qu\u00e9 ocurre si no se hace. La mejor manera de evitar problemas es conociendo las reglas del juego, por eso vamos a darte cinco claves para estar al d\u00eda y cumplir con Hacienda sin complicarte:<\/p>\n\n\n\n<h4 class=\"wp-block-heading\"><span class=\"ez-toc-section\" id=\"1_Consulta_fuentes_oficiales_y_no_te_fies_de_los_rumores\"><\/span>1. Consulta fuentes oficiales y no te f\u00edes de los rumores<span class=\"ez-toc-section-end\"><\/span><\/h4>\n\n\n\n<p>Seguramente has visto en redes sociales o en grupos de WhatsApp mensajes diciendo que si cobras el paro te multar\u00e1n si no haces la Renta. Antes de entrar en p\u00e1nico, consulta fuentes oficiales como la web del SEPE o la Agencia Tributaria.<\/p>\n\n\n\n<h4 class=\"wp-block-heading\"><span class=\"ez-toc-section\" id=\"2_Calcula_bien_tus_ingresos\"><\/span>2. Calcula bien tus ingresos<span class=\"ez-toc-section-end\"><\/span><\/h4>\n\n\n\n<p>&#x2705; Si has tenido un \u00fanico pagador (por ejemplo, el SEPE), solo declaras si has ganado m\u00e1s de 22.000\u20ac al a\u00f1o.<\/p>\n\n\n\n<p>&#x2705; Si tienes dos o m\u00e1s pagadores (por ejemplo, el SEPE y una empresa), el l\u00edmite desciende hasta los 15.876\u20ac, siempre que cada uno de ellos te haya pagado m\u00e1s de 1.500\u20ac durante 2024.<\/p>\n\n\n\n<h4 class=\"wp-block-heading\"><span class=\"ez-toc-section\" id=\"3_Guarda_todos_los_documentos_aunque_no_declares_este_ano\"><\/span>3. Guarda todos los documentos, aunque no declares este a\u00f1o<span class=\"ez-toc-section-end\"><\/span><\/h4>\n\n\n\n<p>Aunque Hacienda no te obligue a presentar la Renta, esto no significa que puedas olvidarte del papeleo. Guarda siempre:<\/p>\n\n\n\n<p>&#x1f4c4; Tus n\u00f3minas<\/p>\n\n\n\n<p>&#x1f4c4; Cualquier ingreso extra<\/p>\n\n\n\n<p>&#x1f4c4; Comunicaciones de Hacienda o el SEPE<\/p>\n\n\n\n<p>Conservar esta documentaci\u00f3n te evitar\u00e1 dolores de cabeza cuando Hacienda te pide informaci\u00f3n m\u00e1s adelante.<\/p>\n\n\n\n<h4 class=\"wp-block-heading\"><span class=\"ez-toc-section\" id=\"4_Si_trabajas_por_cuenta_propia_si_o_si_tendras_que_declarar\"><\/span>4. Si trabajas por cuenta propia, s\u00ed o s\u00ed tendr\u00e1s que declarar<span class=\"ez-toc-section-end\"><\/span><\/h4>\n\n\n\n<p>Si has estado de alta como aut\u00f3nomo en alg\u00fan momento del a\u00f1o, tendr\u00e1s la obligaci\u00f3n de presentar la Renta. No importa cu\u00e1nto hayas ganado. En este caso, m\u00e1s vale tener las cuentas claras, porque <a href=\"https:\/\/jjfconsultores.com\/index.php\/2025\/02\/05\/hasta-cuando-puede-perseguirme-hacienda-por-una-deuda\/\">Hacienda<\/a> revisa mucho a este colectivo.<\/p>\n\n\n\n<h4 class=\"wp-block-heading\"><span class=\"ez-toc-section\" id=\"5_Planifica_desde_ya_para_no_tener_problemas_en_2026\"><\/span>5. Planifica desde ya para no tener problemas en 2026<span class=\"ez-toc-section-end\"><\/span><\/h4>\n\n\n\n<p>El mayor cambio llegar\u00e1 dentro de un a\u00f1o, cuando todos los beneficiarios del paro tengan que presentar la Renta sin excepci\u00f3n. No dejes que la nueva normativa te pille por sorpresa. Empieza a organizar tu documentaci\u00f3n desde ya.<\/p>\n\n\n\n<h4 class=\"wp-block-heading\"><span class=\"ez-toc-section\" id=\"%C2%BFDonde_puedo_pedir_ayuda_para_presentar_mi_Declaracion_de_la_Renta_correctamente\"><\/span>\u00bfD\u00f3nde puedo pedir ayuda para presentar mi Declaraci\u00f3n de la Renta correctamente?<span class=\"ez-toc-section-end\"><\/span><\/h4>\n\n\n\n<p>Presentar la Declaraci\u00f3n de la Renta puede parecer sencillo&#8230; hasta que descubres que cometiste un error y Hacienda te reclama dinero. Cada a\u00f1o, miles de personas que han cobrado el paro se enfrentan a dudas como: \u201c\u00bfMe sale a pagar?\u201d, \u201c\u00bfTengo que hacerla?\u201d, \u201c\u00bfMe he olvidado de alg\u00fan dato importante?\u201d.<\/p>\n\n\n\n<p>El problema es que muchos no consultan a un experto hasta que ya han cometido un error. Pero t\u00fa puedes evitarlo. En <a href=\"https:\/\/jjfconsultores.com\/index.php\/quienes-somos\/\">nuestro despacho<\/a>, cada a\u00f1o ayudamos a cientos de personas en tu situaci\u00f3n a presentar su renta de forma segura y optimizada. Analizamos tu caso, revisamos tu borrador y buscamos las mejores opciones para que pagues lo justo o incluso para que recuperes dinero si te corresponde.<\/p>\n\n\n\n<p>D\u00e9janos encargarnos de los n\u00fameros y solo tendr\u00e1s que preocuparte de decidir qu\u00e9 hacer con tu devoluci\u00f3n (si te sale a devolver, claro). <a href=\"https:\/\/jjfconsultores.com\/index.php\/contacto\/\">Cont\u00e1ctanos<\/a> y te ayudaremos a evitar sustos con Hacienda.<\/p>\n","protected":false},"excerpt":{"rendered":"<p><span class=\"span-reading-time rt-reading-time\" style=\"display: block;\"><span class=\"rt-label rt-prefix\"><b>\u23f1<\/span> <span class=\"rt-time\"> 4<\/span> <span class=\"rt-label rt-postfix\">minutos<\/b><\/span><\/span>Si has cobrado el paro, es probable que te preguntes: \u201c\u00bfTengo que hacer la Declaraci\u00f3n de la Renta este a\u00f1o?\u201d. El Servicio P\u00fablico de Empleo Estatal (SEPE) ha emitido una instrucci\u00f3n aclarando este punto, dejando sin efecto (por ahora) la exigencia de declarar el IRPF en 2024, recogida en el &hellip; <\/p>\n","protected":false},"author":2,"featured_media":1725,"comment_status":"closed","ping_status":"open","sticky":false,"template":"","format":"standard","meta":{"_mbp_gutenberg_autopost":false,"_joinchat":[],"footnotes":""},"categories":[15,17],"tags":[],"class_list":["post-1724","post","type-post","status-publish","format-standard","has-post-thumbnail","hentry","category-laboral","category-tributario"],"yoast_head":"<!-- This site is optimized with the Yoast SEO plugin v24.6 - https:\/\/yoast.com\/wordpress\/plugins\/seo\/ -->\n<title>Renta y desempleo: \u00bfdebo hacer la Declaraci\u00f3n si cobr\u00e9 el paro?<\/title>\n<meta name=\"description\" content=\"Si has cobrado el paro, tal vez tengas que hacer la Declaraci\u00f3n de la Renta: descubre c\u00f3mo afecta el SEPE como pagador y qui\u00e9n est\u00e1 obligado\" \/>\n<meta name=\"robots\" content=\"index, follow, max-snippet:-1, max-image-preview:large, max-video-preview:-1\" \/>\n<link rel=\"canonical\" href=\"https:\/\/jjfconsultores.com\/index.php\/2025\/03\/17\/renta-y-desempleo-debo-hacer-la-declaracion-si-cobre-el-paro\/\" \/>\n<meta property=\"og:locale\" content=\"es_ES\" \/>\n<meta property=\"og:type\" content=\"article\" \/>\n<meta property=\"og:title\" content=\"Renta y desempleo: \u00bfdebo hacer la Declaraci\u00f3n si cobr\u00e9 el paro?\" \/>\n<meta property=\"og:description\" content=\"Si has cobrado el paro, tal vez tengas que hacer la Declaraci\u00f3n de la Renta: descubre c\u00f3mo afecta el SEPE como pagador y qui\u00e9n est\u00e1 obligado\" \/>\n<meta property=\"og:url\" content=\"https:\/\/jjfconsultores.com\/index.php\/2025\/03\/17\/renta-y-desempleo-debo-hacer-la-declaracion-si-cobre-el-paro\/\" \/>\n<meta property=\"og:site_name\" content=\"JJF consultores y abogados en C\u00f3rdoba y M\u00e1laga\" \/>\n<meta property=\"article:publisher\" content=\"https:\/\/www.facebook.com\/JJFconsultoresyabogados\" \/>\n<meta property=\"article:published_time\" content=\"2025-03-17T16:05:07+00:00\" \/>\n<meta property=\"article:modified_time\" content=\"2025-04-22T14:49:53+00:00\" \/>\n<meta property=\"og:image\" content=\"https:\/\/jjfconsultores.com\/wp-content\/uploads\/2025\/03\/money-2159310_1280.jpg\" \/>\n\t<meta property=\"og:image:width\" content=\"1280\" \/>\n\t<meta property=\"og:image:height\" content=\"960\" \/>\n\t<meta property=\"og:image:type\" content=\"image\/jpeg\" \/>\n<meta name=\"author\" content=\"Jes\u00fas Prieto\" \/>\n<meta name=\"twitter:card\" content=\"summary_large_image\" \/>\n<meta name=\"twitter:creator\" content=\"@jesusprieto\" \/>\n<meta name=\"twitter:site\" content=\"@jesusprieto\" \/>\n<meta name=\"twitter:label1\" content=\"Escrito por\" \/>\n\t<meta name=\"twitter:data1\" content=\"Jes\u00fas Prieto\" \/>\n\t<meta name=\"twitter:label2\" content=\"Tiempo de lectura\" \/>\n\t<meta name=\"twitter:data2\" content=\"6 minutos\" \/>\n<script type=\"application\/ld+json\" class=\"yoast-schema-graph\">{\"@context\":\"https:\/\/schema.org\",\"@graph\":[{\"@type\":\"Article\",\"@id\":\"https:\/\/jjfconsultores.com\/index.php\/2025\/03\/17\/renta-y-desempleo-debo-hacer-la-declaracion-si-cobre-el-paro\/#article\",\"isPartOf\":{\"@id\":\"https:\/\/jjfconsultores.com\/index.php\/2025\/03\/17\/renta-y-desempleo-debo-hacer-la-declaracion-si-cobre-el-paro\/\"},\"author\":{\"name\":\"Jes\u00fas Prieto\",\"@id\":\"https:\/\/jjfconsultores.com\/#\/schema\/person\/0b6d06c97b4b6d08d10f19336a0777e2\"},\"headline\":\"Renta y desempleo: \u00bfdebo hacer la Declaraci\u00f3n si cobr\u00e9 el paro?\",\"datePublished\":\"2025-03-17T16:05:07+00:00\",\"dateModified\":\"2025-04-22T14:49:53+00:00\",\"mainEntityOfPage\":{\"@id\":\"https:\/\/jjfconsultores.com\/index.php\/2025\/03\/17\/renta-y-desempleo-debo-hacer-la-declaracion-si-cobre-el-paro\/\"},\"wordCount\":1257,\"publisher\":{\"@id\":\"https:\/\/jjfconsultores.com\/#organization\"},\"image\":{\"@id\":\"https:\/\/jjfconsultores.com\/index.php\/2025\/03\/17\/renta-y-desempleo-debo-hacer-la-declaracion-si-cobre-el-paro\/#primaryimage\"},\"thumbnailUrl\":\"https:\/\/jjfconsultores.com\/wp-content\/uploads\/2025\/03\/money-2159310_1280.jpg\",\"articleSection\":[\"Laboral\",\"Tributario\"],\"inLanguage\":\"es\"},{\"@type\":\"WebPage\",\"@id\":\"https:\/\/jjfconsultores.com\/index.php\/2025\/03\/17\/renta-y-desempleo-debo-hacer-la-declaracion-si-cobre-el-paro\/\",\"url\":\"https:\/\/jjfconsultores.com\/index.php\/2025\/03\/17\/renta-y-desempleo-debo-hacer-la-declaracion-si-cobre-el-paro\/\",\"name\":\"Renta y desempleo: \u00bfdebo hacer la Declaraci\u00f3n si cobr\u00e9 el paro?\",\"isPartOf\":{\"@id\":\"https:\/\/jjfconsultores.com\/#website\"},\"primaryImageOfPage\":{\"@id\":\"https:\/\/jjfconsultores.com\/index.php\/2025\/03\/17\/renta-y-desempleo-debo-hacer-la-declaracion-si-cobre-el-paro\/#primaryimage\"},\"image\":{\"@id\":\"https:\/\/jjfconsultores.com\/index.php\/2025\/03\/17\/renta-y-desempleo-debo-hacer-la-declaracion-si-cobre-el-paro\/#primaryimage\"},\"thumbnailUrl\":\"https:\/\/jjfconsultores.com\/wp-content\/uploads\/2025\/03\/money-2159310_1280.jpg\",\"datePublished\":\"2025-03-17T16:05:07+00:00\",\"dateModified\":\"2025-04-22T14:49:53+00:00\",\"description\":\"Si has cobrado el paro, tal vez tengas que hacer la Declaraci\u00f3n de la Renta: descubre c\u00f3mo afecta el SEPE como pagador y qui\u00e9n est\u00e1 obligado\",\"breadcrumb\":{\"@id\":\"https:\/\/jjfconsultores.com\/index.php\/2025\/03\/17\/renta-y-desempleo-debo-hacer-la-declaracion-si-cobre-el-paro\/#breadcrumb\"},\"inLanguage\":\"es\",\"potentialAction\":[{\"@type\":\"ReadAction\",\"target\":[\"https:\/\/jjfconsultores.com\/index.php\/2025\/03\/17\/renta-y-desempleo-debo-hacer-la-declaracion-si-cobre-el-paro\/\"]}]},{\"@type\":\"ImageObject\",\"inLanguage\":\"es\",\"@id\":\"https:\/\/jjfconsultores.com\/index.php\/2025\/03\/17\/renta-y-desempleo-debo-hacer-la-declaracion-si-cobre-el-paro\/#primaryimage\",\"url\":\"https:\/\/jjfconsultores.com\/wp-content\/uploads\/2025\/03\/money-2159310_1280.jpg\",\"contentUrl\":\"https:\/\/jjfconsultores.com\/wp-content\/uploads\/2025\/03\/money-2159310_1280.jpg\",\"width\":1280,\"height\":960,\"caption\":\"Si has cobrado el paro, tal vez tengas que hacer la Declaraci\u00f3n de la Renta: descubre c\u00f3mo afecta el SEPE como pagador y qui\u00e9n est\u00e1 obligado\"},{\"@type\":\"BreadcrumbList\",\"@id\":\"https:\/\/jjfconsultores.com\/index.php\/2025\/03\/17\/renta-y-desempleo-debo-hacer-la-declaracion-si-cobre-el-paro\/#breadcrumb\",\"itemListElement\":[{\"@type\":\"ListItem\",\"position\":1,\"name\":\"Portada\",\"item\":\"https:\/\/jjfconsultores.com\/\"},{\"@type\":\"ListItem\",\"position\":2,\"name\":\"Renta y desempleo: \u00bfdebo hacer la Declaraci\u00f3n si cobr\u00e9 el paro?\"}]},{\"@type\":\"WebSite\",\"@id\":\"https:\/\/jjfconsultores.com\/#website\",\"url\":\"https:\/\/jjfconsultores.com\/\",\"name\":\"JJF consultores y abogados\",\"description\":\"Asesor\u00eda fiscal, laboral, contable y jur\u00eddica en C\u00f3rdoba y M\u00e1laga\",\"publisher\":{\"@id\":\"https:\/\/jjfconsultores.com\/#organization\"},\"potentialAction\":[{\"@type\":\"SearchAction\",\"target\":{\"@type\":\"EntryPoint\",\"urlTemplate\":\"https:\/\/jjfconsultores.com\/?s={search_term_string}\"},\"query-input\":{\"@type\":\"PropertyValueSpecification\",\"valueRequired\":true,\"valueName\":\"search_term_string\"}}],\"inLanguage\":\"es\"},{\"@type\":\"Organization\",\"@id\":\"https:\/\/jjfconsultores.com\/#organization\",\"name\":\"JJF consultores y abogados\",\"url\":\"https:\/\/jjfconsultores.com\/\",\"logo\":{\"@type\":\"ImageObject\",\"inLanguage\":\"es\",\"@id\":\"https:\/\/jjfconsultores.com\/#\/schema\/logo\/image\/\",\"url\":\"https:\/\/jjfconsultores.com\/wp-content\/uploads\/2020\/01\/jjf-consultores-abogados-1.png\",\"contentUrl\":\"https:\/\/jjfconsultores.com\/wp-content\/uploads\/2020\/01\/jjf-consultores-abogados-1.png\",\"width\":500,\"height\":500,\"caption\":\"JJF consultores y abogados\"},\"image\":{\"@id\":\"https:\/\/jjfconsultores.com\/#\/schema\/logo\/image\/\"},\"sameAs\":[\"https:\/\/www.facebook.com\/JJFconsultoresyabogados\",\"https:\/\/x.com\/jesusprieto\",\"https:\/\/www.instagram.com\/JJF_consultores_abogados\/\",\"https:\/\/www.linkedin.com\/company\/jjf-soluciones-de-empresa\"]},{\"@type\":\"Person\",\"@id\":\"https:\/\/jjfconsultores.com\/#\/schema\/person\/0b6d06c97b4b6d08d10f19336a0777e2\",\"name\":\"Jes\u00fas Prieto\",\"image\":{\"@type\":\"ImageObject\",\"inLanguage\":\"es\",\"@id\":\"https:\/\/jjfconsultores.com\/#\/schema\/person\/image\/\",\"url\":\"https:\/\/secure.gravatar.com\/avatar\/3dc923b87b86c8ba1fb6af9f8a123b9036961349ef9ac29b61f40b921083f3d1?s=96&d=mm&r=g\",\"contentUrl\":\"https:\/\/secure.gravatar.com\/avatar\/3dc923b87b86c8ba1fb6af9f8a123b9036961349ef9ac29b61f40b921083f3d1?s=96&d=mm&r=g\",\"caption\":\"Jes\u00fas Prieto\"},\"url\":\"https:\/\/jjfconsultores.com\/index.php\/author\/jesus\/\"}]}<\/script>\n<!-- \/ Yoast SEO plugin. -->","yoast_head_json":{"title":"Renta y desempleo: \u00bfdebo hacer la Declaraci\u00f3n si cobr\u00e9 el paro?","description":"Si has cobrado el paro, tal vez tengas que hacer la Declaraci\u00f3n de la Renta: descubre c\u00f3mo afecta el SEPE como pagador y qui\u00e9n est\u00e1 obligado","robots":{"index":"index","follow":"follow","max-snippet":"max-snippet:-1","max-image-preview":"max-image-preview:large","max-video-preview":"max-video-preview:-1"},"canonical":"https:\/\/jjfconsultores.com\/index.php\/2025\/03\/17\/renta-y-desempleo-debo-hacer-la-declaracion-si-cobre-el-paro\/","og_locale":"es_ES","og_type":"article","og_title":"Renta y desempleo: \u00bfdebo hacer la Declaraci\u00f3n si cobr\u00e9 el paro?","og_description":"Si has cobrado el paro, tal vez tengas que hacer la Declaraci\u00f3n de la Renta: descubre c\u00f3mo afecta el SEPE como pagador y qui\u00e9n est\u00e1 obligado","og_url":"https:\/\/jjfconsultores.com\/index.php\/2025\/03\/17\/renta-y-desempleo-debo-hacer-la-declaracion-si-cobre-el-paro\/","og_site_name":"JJF consultores y abogados en C\u00f3rdoba y M\u00e1laga","article_publisher":"https:\/\/www.facebook.com\/JJFconsultoresyabogados","article_published_time":"2025-03-17T16:05:07+00:00","article_modified_time":"2025-04-22T14:49:53+00:00","og_image":[{"width":1280,"height":960,"url":"https:\/\/jjfconsultores.com\/wp-content\/uploads\/2025\/03\/money-2159310_1280.jpg","type":"image\/jpeg"}],"author":"Jes\u00fas Prieto","twitter_card":"summary_large_image","twitter_creator":"@jesusprieto","twitter_site":"@jesusprieto","twitter_misc":{"Escrito por":"Jes\u00fas Prieto","Tiempo de lectura":"6 minutos"},"schema":{"@context":"https:\/\/schema.org","@graph":[{"@type":"Article","@id":"https:\/\/jjfconsultores.com\/index.php\/2025\/03\/17\/renta-y-desempleo-debo-hacer-la-declaracion-si-cobre-el-paro\/#article","isPartOf":{"@id":"https:\/\/jjfconsultores.com\/index.php\/2025\/03\/17\/renta-y-desempleo-debo-hacer-la-declaracion-si-cobre-el-paro\/"},"author":{"name":"Jes\u00fas Prieto","@id":"https:\/\/jjfconsultores.com\/#\/schema\/person\/0b6d06c97b4b6d08d10f19336a0777e2"},"headline":"Renta y desempleo: \u00bfdebo hacer la Declaraci\u00f3n si cobr\u00e9 el paro?","datePublished":"2025-03-17T16:05:07+00:00","dateModified":"2025-04-22T14:49:53+00:00","mainEntityOfPage":{"@id":"https:\/\/jjfconsultores.com\/index.php\/2025\/03\/17\/renta-y-desempleo-debo-hacer-la-declaracion-si-cobre-el-paro\/"},"wordCount":1257,"publisher":{"@id":"https:\/\/jjfconsultores.com\/#organization"},"image":{"@id":"https:\/\/jjfconsultores.com\/index.php\/2025\/03\/17\/renta-y-desempleo-debo-hacer-la-declaracion-si-cobre-el-paro\/#primaryimage"},"thumbnailUrl":"https:\/\/jjfconsultores.com\/wp-content\/uploads\/2025\/03\/money-2159310_1280.jpg","articleSection":["Laboral","Tributario"],"inLanguage":"es"},{"@type":"WebPage","@id":"https:\/\/jjfconsultores.com\/index.php\/2025\/03\/17\/renta-y-desempleo-debo-hacer-la-declaracion-si-cobre-el-paro\/","url":"https:\/\/jjfconsultores.com\/index.php\/2025\/03\/17\/renta-y-desempleo-debo-hacer-la-declaracion-si-cobre-el-paro\/","name":"Renta y desempleo: \u00bfdebo hacer la Declaraci\u00f3n si cobr\u00e9 el paro?","isPartOf":{"@id":"https:\/\/jjfconsultores.com\/#website"},"primaryImageOfPage":{"@id":"https:\/\/jjfconsultores.com\/index.php\/2025\/03\/17\/renta-y-desempleo-debo-hacer-la-declaracion-si-cobre-el-paro\/#primaryimage"},"image":{"@id":"https:\/\/jjfconsultores.com\/index.php\/2025\/03\/17\/renta-y-desempleo-debo-hacer-la-declaracion-si-cobre-el-paro\/#primaryimage"},"thumbnailUrl":"https:\/\/jjfconsultores.com\/wp-content\/uploads\/2025\/03\/money-2159310_1280.jpg","datePublished":"2025-03-17T16:05:07+00:00","dateModified":"2025-04-22T14:49:53+00:00","description":"Si has cobrado el paro, tal vez tengas que hacer la Declaraci\u00f3n de la Renta: descubre c\u00f3mo afecta el SEPE como pagador y qui\u00e9n est\u00e1 obligado","breadcrumb":{"@id":"https:\/\/jjfconsultores.com\/index.php\/2025\/03\/17\/renta-y-desempleo-debo-hacer-la-declaracion-si-cobre-el-paro\/#breadcrumb"},"inLanguage":"es","potentialAction":[{"@type":"ReadAction","target":["https:\/\/jjfconsultores.com\/index.php\/2025\/03\/17\/renta-y-desempleo-debo-hacer-la-declaracion-si-cobre-el-paro\/"]}]},{"@type":"ImageObject","inLanguage":"es","@id":"https:\/\/jjfconsultores.com\/index.php\/2025\/03\/17\/renta-y-desempleo-debo-hacer-la-declaracion-si-cobre-el-paro\/#primaryimage","url":"https:\/\/jjfconsultores.com\/wp-content\/uploads\/2025\/03\/money-2159310_1280.jpg","contentUrl":"https:\/\/jjfconsultores.com\/wp-content\/uploads\/2025\/03\/money-2159310_1280.jpg","width":1280,"height":960,"caption":"Si has cobrado el paro, tal vez tengas que hacer la Declaraci\u00f3n de la Renta: descubre c\u00f3mo afecta el SEPE como pagador y qui\u00e9n est\u00e1 obligado"},{"@type":"BreadcrumbList","@id":"https:\/\/jjfconsultores.com\/index.php\/2025\/03\/17\/renta-y-desempleo-debo-hacer-la-declaracion-si-cobre-el-paro\/#breadcrumb","itemListElement":[{"@type":"ListItem","position":1,"name":"Portada","item":"https:\/\/jjfconsultores.com\/"},{"@type":"ListItem","position":2,"name":"Renta y desempleo: \u00bfdebo hacer la Declaraci\u00f3n si cobr\u00e9 el paro?"}]},{"@type":"WebSite","@id":"https:\/\/jjfconsultores.com\/#website","url":"https:\/\/jjfconsultores.com\/","name":"JJF consultores y abogados","description":"Asesor\u00eda fiscal, laboral, contable y jur\u00eddica en C\u00f3rdoba y M\u00e1laga","publisher":{"@id":"https:\/\/jjfconsultores.com\/#organization"},"potentialAction":[{"@type":"SearchAction","target":{"@type":"EntryPoint","urlTemplate":"https:\/\/jjfconsultores.com\/?s={search_term_string}"},"query-input":{"@type":"PropertyValueSpecification","valueRequired":true,"valueName":"search_term_string"}}],"inLanguage":"es"},{"@type":"Organization","@id":"https:\/\/jjfconsultores.com\/#organization","name":"JJF consultores y abogados","url":"https:\/\/jjfconsultores.com\/","logo":{"@type":"ImageObject","inLanguage":"es","@id":"https:\/\/jjfconsultores.com\/#\/schema\/logo\/image\/","url":"https:\/\/jjfconsultores.com\/wp-content\/uploads\/2020\/01\/jjf-consultores-abogados-1.png","contentUrl":"https:\/\/jjfconsultores.com\/wp-content\/uploads\/2020\/01\/jjf-consultores-abogados-1.png","width":500,"height":500,"caption":"JJF consultores y abogados"},"image":{"@id":"https:\/\/jjfconsultores.com\/#\/schema\/logo\/image\/"},"sameAs":["https:\/\/www.facebook.com\/JJFconsultoresyabogados","https:\/\/x.com\/jesusprieto","https:\/\/www.instagram.com\/JJF_consultores_abogados\/","https:\/\/www.linkedin.com\/company\/jjf-soluciones-de-empresa"]},{"@type":"Person","@id":"https:\/\/jjfconsultores.com\/#\/schema\/person\/0b6d06c97b4b6d08d10f19336a0777e2","name":"Jes\u00fas Prieto","image":{"@type":"ImageObject","inLanguage":"es","@id":"https:\/\/jjfconsultores.com\/#\/schema\/person\/image\/","url":"https:\/\/secure.gravatar.com\/avatar\/3dc923b87b86c8ba1fb6af9f8a123b9036961349ef9ac29b61f40b921083f3d1?s=96&d=mm&r=g","contentUrl":"https:\/\/secure.gravatar.com\/avatar\/3dc923b87b86c8ba1fb6af9f8a123b9036961349ef9ac29b61f40b921083f3d1?s=96&d=mm&r=g","caption":"Jes\u00fas Prieto"},"url":"https:\/\/jjfconsultores.com\/index.php\/author\/jesus\/"}]}},"_links":{"self":[{"href":"https:\/\/jjfconsultores.com\/index.php\/wp-json\/wp\/v2\/posts\/1724","targetHints":{"allow":["GET"]}}],"collection":[{"href":"https:\/\/jjfconsultores.com\/index.php\/wp-json\/wp\/v2\/posts"}],"about":[{"href":"https:\/\/jjfconsultores.com\/index.php\/wp-json\/wp\/v2\/types\/post"}],"author":[{"embeddable":true,"href":"https:\/\/jjfconsultores.com\/index.php\/wp-json\/wp\/v2\/users\/2"}],"replies":[{"embeddable":true,"href":"https:\/\/jjfconsultores.com\/index.php\/wp-json\/wp\/v2\/comments?post=1724"}],"version-history":[{"count":2,"href":"https:\/\/jjfconsultores.com\/index.php\/wp-json\/wp\/v2\/posts\/1724\/revisions"}],"predecessor-version":[{"id":1853,"href":"https:\/\/jjfconsultores.com\/index.php\/wp-json\/wp\/v2\/posts\/1724\/revisions\/1853"}],"wp:featuredmedia":[{"embeddable":true,"href":"https:\/\/jjfconsultores.com\/index.php\/wp-json\/wp\/v2\/media\/1725"}],"wp:attachment":[{"href":"https:\/\/jjfconsultores.com\/index.php\/wp-json\/wp\/v2\/media?parent=1724"}],"wp:term":[{"taxonomy":"category","embeddable":true,"href":"https:\/\/jjfconsultores.com\/index.php\/wp-json\/wp\/v2\/categories?post=1724"},{"taxonomy":"post_tag","embeddable":true,"href":"https:\/\/jjfconsultores.com\/index.php\/wp-json\/wp\/v2\/tags?post=1724"}],"curies":[{"name":"wp","href":"https:\/\/api.w.org\/{rel}","templated":true}]}}