{"id":2055,"date":"2026-01-23T09:23:31","date_gmt":"2026-01-23T08:23:31","guid":{"rendered":"https:\/\/jjfconsultores.com\/?p=2055"},"modified":"2026-01-23T09:23:39","modified_gmt":"2026-01-23T08:23:39","slug":"custodia-compartida-y-pension-de-alimentos-cuando-puede-reducirse","status":"publish","type":"post","link":"https:\/\/jjfconsultores.com\/index.php\/2026\/01\/23\/custodia-compartida-y-pension-de-alimentos-cuando-puede-reducirse\/","title":{"rendered":"Custodia compartida y pensi\u00f3n de alimentos: cu\u00e1ndo puede reducirse"},"content":{"rendered":"<span class=\"span-reading-time rt-reading-time\" style=\"display: block;\"><span class=\"rt-label rt-prefix\"><b>\u23f1<\/span> <span class=\"rt-time\"> 5<\/span> <span class=\"rt-label rt-postfix\">minutos<\/b><\/span><\/span>\n<p>Cuando se acuerda una custodia compartida, muchos progenitores dan por hecho que la pensi\u00f3n de alimentos desaparece o se reduce autom\u00e1ticamente. Sin embargo, la pr\u00e1ctica judicial demuestra que no siempre es as\u00ed.<\/p>\n\n\n\n<p>Una <a href=\"https:\/\/www.poderjudicial.es\/search\/AN\/openDocument\/e934bd9e09a137e2a0a8778d75e36f0d\/20251216\">sentencia de la Audiencia Provincial de Navarra<\/a> recuerda que la custodia compartida no borra de un plumazo la pensi\u00f3n, pero s\u00ed puede obligar a recalcularla atendiendo al reparto real del tiempo de convivencia con los hijos. El fallo revisa la cuant\u00eda fijada tras un divorcio y aclara cu\u00e1ndo procede reducir la pensi\u00f3n, qu\u00e9 ingresos deben tenerse en cuenta y qu\u00e9 gastos no permiten pagar menos.<\/p>\n\n\n\n<div id=\"ez-toc-container\" class=\"ez-toc-v2_0_80 counter-flat ez-toc-counter ez-toc-transparent ez-toc-container-direction\">\n<div class=\"ez-toc-title-container\">\n<p class=\"ez-toc-title ez-toc-toggle\" style=\"cursor:pointer\">Ve al grano<\/p>\n<span class=\"ez-toc-title-toggle\"><a href=\"#\" class=\"ez-toc-pull-right ez-toc-btn ez-toc-btn-xs ez-toc-btn-default ez-toc-toggle\" aria-label=\"Alternar tabla de contenidos\"><span class=\"ez-toc-js-icon-con\"><span class=\"\"><span class=\"eztoc-hide\" style=\"display:none;\">Toggle<\/span><span class=\"ez-toc-icon-toggle-span\"><svg style=\"fill: #999;color:#999\" xmlns=\"http:\/\/www.w3.org\/2000\/svg\" class=\"list-377408\" width=\"20px\" height=\"20px\" viewBox=\"0 0 24 24\" fill=\"none\"><path d=\"M6 6H4v2h2V6zm14 0H8v2h12V6zM4 11h2v2H4v-2zm16 0H8v2h12v-2zM4 16h2v2H4v-2zm16 0H8v2h12v-2z\" fill=\"currentColor\"><\/path><\/svg><svg style=\"fill: #999;color:#999\" class=\"arrow-unsorted-368013\" xmlns=\"http:\/\/www.w3.org\/2000\/svg\" width=\"10px\" height=\"10px\" viewBox=\"0 0 24 24\" version=\"1.2\" baseProfile=\"tiny\"><path d=\"M18.2 9.3l-6.2-6.3-6.2 6.3c-.2.2-.3.4-.3.7s.1.5.3.7c.2.2.4.3.7.3h11c.3 0 .5-.1.7-.3.2-.2.3-.5.3-.7s-.1-.5-.3-.7zM5.8 14.7l6.2 6.3 6.2-6.3c.2-.2.3-.5.3-.7s-.1-.5-.3-.7c-.2-.2-.4-.3-.7-.3h-11c-.3 0-.5.1-.7.3-.2.2-.3.5-.3.7s.1.5.3.7z\"\/><\/svg><\/span><\/span><\/span><\/a><\/span><\/div>\n<nav><ul class='ez-toc-list ez-toc-list-level-1 eztoc-toggle-hide-by-default' ><li class='ez-toc-page-1'><a class=\"ez-toc-link ez-toc-heading-1\" href=\"https:\/\/jjfconsultores.com\/index.php\/2026\/01\/23\/custodia-compartida-y-pension-de-alimentos-cuando-puede-reducirse\/#Como_se_reduce_la_pension_de_alimentos_en_un_sistema_de_custodia_compartida_progresiva\" >C\u00f3mo se reduce la pensi\u00f3n de alimentos en un sistema de custodia compartida progresiva<\/a><\/li><li class='ez-toc-page-1'><a class=\"ez-toc-link ez-toc-heading-2\" href=\"https:\/\/jjfconsultores.com\/index.php\/2026\/01\/23\/custodia-compartida-y-pension-de-alimentos-cuando-puede-reducirse\/#Medidas_economicas_y_de_custodia_fijadas_en_primera_instancia\" >Medidas econ\u00f3micas y de custodia fijadas en primera instancia<\/a><\/li><li class='ez-toc-page-1'><a class=\"ez-toc-link ez-toc-heading-3\" href=\"https:\/\/jjfconsultores.com\/index.php\/2026\/01\/23\/custodia-compartida-y-pension-de-alimentos-cuando-puede-reducirse\/#Ingresos_del_progenitor_y_limites_a_los_gastos_deducibles\" >Ingresos del progenitor y l\u00edmites a los gastos deducibles<\/a><\/li><li class='ez-toc-page-1'><a class=\"ez-toc-link ez-toc-heading-4\" href=\"https:\/\/jjfconsultores.com\/index.php\/2026\/01\/23\/custodia-compartida-y-pension-de-alimentos-cuando-puede-reducirse\/#%C2%BFQue_gastos_no_se_pueden_descontar_al_calcular_la_pension_de_alimentos\" >\u00bfQu\u00e9 gastos no se pueden descontar al calcular la pensi\u00f3n de alimentos?<\/a><\/li><li class='ez-toc-page-1'><a class=\"ez-toc-link ez-toc-heading-5\" href=\"https:\/\/jjfconsultores.com\/index.php\/2026\/01\/23\/custodia-compartida-y-pension-de-alimentos-cuando-puede-reducirse\/#Ajuste_de_la_pension_segun_el_tiempo_efectivo_de_convivencia\" >Ajuste de la pensi\u00f3n seg\u00fan el tiempo efectivo de convivencia<\/a><\/li><li class='ez-toc-page-1'><a class=\"ez-toc-link ez-toc-heading-6\" href=\"https:\/\/jjfconsultores.com\/index.php\/2026\/01\/23\/custodia-compartida-y-pension-de-alimentos-cuando-puede-reducirse\/#Como_queda_la_pension_cuando_el_tiempo_de_convivencia_es_equiparable\" >C\u00f3mo queda la pensi\u00f3n cuando el tiempo de convivencia es equiparable<\/a><\/li><li class='ez-toc-page-1'><a class=\"ez-toc-link ez-toc-heading-7\" href=\"https:\/\/jjfconsultores.com\/index.php\/2026\/01\/23\/custodia-compartida-y-pension-de-alimentos-cuando-puede-reducirse\/#Cuenta_bancaria_comun_para_gestionar_los_gastos_de_los_hijos_en_custodia_compartida\" >Cuenta bancaria com\u00fan para gestionar los gastos de los hijos en custodia compartida<\/a><\/li><li class='ez-toc-page-1'><a class=\"ez-toc-link ez-toc-heading-8\" href=\"https:\/\/jjfconsultores.com\/index.php\/2026\/01\/23\/custodia-compartida-y-pension-de-alimentos-cuando-puede-reducirse\/#Claves_juridicas_sobre_custodia_compartida_y_pension_de_alimentos\" >Claves jur\u00eddicas sobre custodia compartida y pensi\u00f3n de alimentos<\/a><\/li><li class='ez-toc-page-1'><a class=\"ez-toc-link ez-toc-heading-9\" href=\"https:\/\/jjfconsultores.com\/index.php\/2026\/01\/23\/custodia-compartida-y-pension-de-alimentos-cuando-puede-reducirse\/#Los_gastos_patrimoniales_y_las_inversiones_privadas_no_reducen_la_pension_de_alimentos\" >Los gastos patrimoniales y las inversiones privadas no reducen la pensi\u00f3n de alimentos<\/a><\/li><\/ul><\/nav><\/div>\n<h2 class=\"wp-block-heading\"><span class=\"ez-toc-section\" id=\"Como_se_reduce_la_pension_de_alimentos_en_un_sistema_de_custodia_compartida_progresiva\"><\/span>C\u00f3mo se reduce la pensi\u00f3n de alimentos en un sistema de custodia compartida progresiva<span class=\"ez-toc-section-end\"><\/span><\/h2>\n\n\n\n<p>La Audiencia Provincial estim\u00f3 parcialmente el recurso de un progenitor que consideraba excesiva la pensi\u00f3n de alimentos que ven\u00eda pagando, pese a que se hab\u00eda acordado un r\u00e9gimen de custodia compartida.<\/p>\n\n\n\n<p>El tribunal no elimina la pensi\u00f3n, pero s\u00ed la ajusta atendiendo al reparto efectivo del tiempo de convivencia durante el periodo transitorio. En esta primera fase, rebaja la cuant\u00eda conjunta de 650 euros a 248 mensuales en total hasta septiembre de 2026, al entender que uno de los progenitores sigue asumiendo un mayor gasto diario ligado a la convivencia.<\/p>\n\n\n\n<p>A partir de ese momento, cuando el reparto del tiempo de convivencia entre ambos progenitores sea equiparable conforme al sistema de custodia compartida progresiva aprobado judicialmente, la pensi\u00f3n quedar\u00e1 fijada en 161 euros al mes.<\/p>\n\n\n\n<h3 class=\"wp-block-heading\"><span class=\"ez-toc-section\" id=\"Medidas_economicas_y_de_custodia_fijadas_en_primera_instancia\"><\/span>Medidas econ\u00f3micas y de custodia fijadas en primera instancia<span class=\"ez-toc-section-end\"><\/span><\/h3>\n\n\n\n<p>Tras el divorcio, el Juzgado de Primera Instancia estableci\u00f3 un sistema de <strong>custodia compartida progresiva<\/strong>. Durante ese periodo transitorio, los hijos conviv\u00edan de forma mayoritaria con la madre.<\/p>\n\n\n\n<p>Junto a ese r\u00e9gimen, se fij\u00f3 una pensi\u00f3n de alimentos de 325 euros mensuales por cada hijo (650 euros en total) y un reparto de los gastos extraordinarios del 70% a cargo del padre y 30% de la madre. El progenitor recurri\u00f3 la sentencia al entender que sus ingresos se hab\u00edan calculado al alza y que la pensi\u00f3n <strong>no respetaba el principio de proporcionalidad<\/strong>.<\/p>\n\n\n\n<h2 class=\"wp-block-heading\"><span class=\"ez-toc-section\" id=\"Ingresos_del_progenitor_y_limites_a_los_gastos_deducibles\"><\/span>Ingresos del progenitor y l\u00edmites a los gastos deducibles<span class=\"ez-toc-section-end\"><\/span><\/h2>\n\n\n\n<p>La Audiencia de Navarra revis\u00f3 con lupa la situaci\u00f3n econ\u00f3mica del recurrente. De la prueba practicada resultaba que sus ingresos netos mensuales superaban los 5.000 euros, procedentes de su <strong>salario<\/strong>, de las rentas por el <strong>alquiler de un inmueble<\/strong> y de los beneficios obtenidos por la explotaci\u00f3n de <strong>placas solares<\/strong>. Estos datos resultaron determinantes para descartar que la pensi\u00f3n fijada inicialmente fuera desproporcionada por una supuesta falta de capacidad econ\u00f3mica.<\/p>\n\n\n\n<h3 class=\"wp-block-heading\"><span class=\"ez-toc-section\" id=\"%C2%BFQue_gastos_no_se_pueden_descontar_al_calcular_la_pension_de_alimentos\"><\/span>\u00bfQu\u00e9 gastos no se pueden descontar al calcular la pensi\u00f3n de alimentos?<span class=\"ez-toc-section-end\"><\/span><\/h3>\n\n\n\n<p>Uno de los puntos clave de la sentencia est\u00e1 en los gastos que el tribunal rechaza descontar. El padre aleg\u00f3, entre otros, la carga de una hipoteca y diversas derramas de la comunidad, un argumento habitual en este tipo de procedimientos cuando se solicita una reducci\u00f3n de la pensi\u00f3n de alimentos.<\/p>\n\n\n\n<p>La Audiencia es clara: estos gastos tienen <strong>car\u00e1cter patrimonial<\/strong> y est\u00e1n <strong>vinculados a inversiones privadas<\/strong>, de modo que no afectan a la capacidad econ\u00f3mica real del progenitor a efectos del deber de alimentos y, por tanto, <strong>no pueden servir para reducir la pensi\u00f3n<\/strong>. Solo se tienen en cuenta los gastos personales imprescindibles y los directamente relacionados con el mantenimiento de los hijos.<\/p>\n\n\n\n<h3 class=\"wp-block-heading\"><span class=\"ez-toc-section\" id=\"Ajuste_de_la_pension_segun_el_tiempo_efectivo_de_convivencia\"><\/span>Ajuste de la pensi\u00f3n seg\u00fan el tiempo efectivo de convivencia<span class=\"ez-toc-section-end\"><\/span><\/h3>\n\n\n\n<p>Hasta septiembre de 2026, los hijos pasar\u00e1n m\u00e1s tiempo con la madre que con el padre. Ese desequilibrio en la convivencia efectiva justifica, seg\u00fan el tribunal, el mantenimiento de una pensi\u00f3n de alimentos durante el periodo transitorio, recordando que no basta con que exista una custodia compartida sobre el papel: <strong>lo relevante es c\u00f3mo se desarrolla en la pr\u00e1ctica<\/strong>.<\/p>\n\n\n\n<p>Por ese motivo, la Audiencia fija la pensi\u00f3n conjunta en 248 euros mensuales durante esta etapa, al considerar que uno de los progenitores asume un mayor gasto diario ligado a la convivencia.<\/p>\n\n\n\n<h3 class=\"wp-block-heading\"><span class=\"ez-toc-section\" id=\"Como_queda_la_pension_cuando_el_tiempo_de_convivencia_es_equiparable\"><\/span>C\u00f3mo queda la pensi\u00f3n cuando el tiempo de convivencia es equiparable<span class=\"ez-toc-section-end\"><\/span><\/h3>\n\n\n\n<p>La situaci\u00f3n cambia a partir de septiembre de 2026. Desde ese momento, ambos progenitores compartir\u00e1n de forma sustancialmente equiparable el tiempo de convivencia con los hijos y, ante el nuevo escenario, la Audiencia reduce la pensi\u00f3n a 161 euros mensuales, al entender que los gastos cotidianos asociados a la convivencia quedar\u00e1n entonces equilibrados.<\/p>\n\n\n\n<h3 class=\"wp-block-heading\"><span class=\"ez-toc-section\" id=\"Cuenta_bancaria_comun_para_gestionar_los_gastos_de_los_hijos_en_custodia_compartida\"><\/span>Cuenta bancaria com\u00fan para gestionar los gastos de los hijos en custodia compartida<span class=\"ez-toc-section-end\"><\/span><\/h3>\n\n\n\n<p>La sentencia introduce otra medida habitual en los casos de custodia compartida: la apertura de una cuenta corriente com\u00fan para gestionar los gastos ordinarios de los hijos, fijando aportaciones mensuales proporcionales a los ingresos de cada progenitor y previendo la regularizaci\u00f3n de los gastos conforme a esa misma proporci\u00f3n. Este sistema facilita la gesti\u00f3n cotidiana y reduce los conflictos derivados del reparto de gastos.<\/p>\n\n\n\n<p>La Audiencia recuerda que la pensi\u00f3n de alimentos debe calcularse siempre atendiendo a dos elementos b\u00e1sicos: la <strong>capacidad econ\u00f3mica real<\/strong> de cada progenitor y el <strong>tiempo efectivo de convivencia<\/strong> con los hijos.<\/p>\n\n\n\n<p>En este caso, el tribunal valora que la madre tiene reconocida una incapacidad permanente total, circunstancia que limita de forma relevante su capacidad laboral y, en consecuencia, su nivel de ingresos. Ello justifica que su aportaci\u00f3n a los <strong>gastos ordinarios<\/strong> se limite al <strong>37%, frente al 63% asumido por el padre<\/strong>, sin que esta proporci\u00f3n afecte al reparto de los <strong>gastos extraordinarios<\/strong>, fijado en un <strong>30% y un 70%, respectivamente<\/strong>.<\/p>\n\n\n\n<h2 class=\"wp-block-heading\"><span class=\"ez-toc-section\" id=\"Claves_juridicas_sobre_custodia_compartida_y_pension_de_alimentos\"><\/span>Claves jur\u00eddicas sobre custodia compartida y pensi\u00f3n de alimentos<span class=\"ez-toc-section-end\"><\/span><\/h2>\n\n\n\n<p>La sentencia aporta varias claves pr\u00e1cticas que ayudan a entender c\u00f3mo est\u00e1n resolviendo los tribunales los conflictos sobre custodia compartida y <a href=\"https:\/\/jjfconsultores.com\/index.php\/2025\/02\/03\/cuanto-pueden-embargar-de-tu-nomina-tras-la-subida-del-salario-minimo-interprofesional\/#La_excepcion_de_siempre_los_alimentos\">pensi\u00f3n de alimentos<\/a>. La primera, y quiz\u00e1 la m\u00e1s relevante, es que la custodia compartida <strong>no elimina autom\u00e1ticamente la obligaci\u00f3n de pagar pensi\u00f3n<\/strong>, aunque s\u00ed obliga a revisar su cuant\u00eda cuando el reparto del tiempo con los hijos cambia de forma significativa.<\/p>\n\n\n\n<p>La Audiencia de Navarra deja claro que la pensi\u00f3n puede <strong>ajustarse de manera progresiva<\/strong>, acompa\u00f1ando la evoluci\u00f3n real del sistema de convivencia. No se trata de cifras r\u00edgidas, sino de importes que deben adaptarse a la realidad familiar en cada momento. Por eso, cuando el tiempo de convivencia se equilibra y los gastos cotidianos se reparten de forma m\u00e1s homog\u00e9nea, la pensi\u00f3n fijada inicialmente puede dejar de ser proporcionada.<\/p>\n\n\n\n<h3 class=\"wp-block-heading\"><span class=\"ez-toc-section\" id=\"Los_gastos_patrimoniales_y_las_inversiones_privadas_no_reducen_la_pension_de_alimentos\"><\/span>Los gastos patrimoniales y las inversiones privadas no reducen la pensi\u00f3n de alimentos<span class=\"ez-toc-section-end\"><\/span><\/h3>\n\n\n\n<p>La resoluci\u00f3n tambi\u00e9n refuerza una idea asentada en la doctrina judicial: <strong>los gastos patrimoniales o las inversiones privadas no sirven para pagar menos pensi\u00f3n de alimentos<\/strong>. Hipotecas de inmuebles arrendados, derramas de comunidad o pr\u00e9stamos vinculados a inversiones forman parte de decisiones econ\u00f3micas personales y no pueden trasladarse al \u00e1mbito del deber de alimentos, que tiene como finalidad atender las necesidades de los hijos.<\/p>\n\n\n\n<p>El derecho de familia no funciona con automatismos ni con reglas matem\u00e1ticas. Cada caso exige un <strong>an\u00e1lisis individualizado<\/strong>, con un \u00fanico eje rector: proteger el inter\u00e9s de los hijos y adaptar las medidas econ\u00f3micas a la realidad familiar existente en cada etapa.<\/p>\n\n\n\n<p>Si tienes una custodia compartida en fase de implantaci\u00f3n o dudas sobre si la pensi\u00f3n de alimentos que pagas o percibes se ajusta realmente al reparto de la convivencia y a la capacidad econ\u00f3mica de cada progenitor, puedes&nbsp;<strong><a href=\"https:\/\/jjfconsultores.com\/index.php\/contacto\/\">ponerte en contacto<\/a>&nbsp;<\/strong>con nosotros o&nbsp;<strong><a href=\"https:\/\/web.whatsapp.com\/send?phone=34622656931&amp;text=%C2%A1Hola%20Jes%C3%BAs!%20He%20le%C3%ADdo%20esto%20%22Declaraci%C3%B3n%20de%20la%20renta%20cobrando%20el%20paro%3A%20cu%C3%A1ndo%20no%20es%20obligatoria%22%20y%20necesito%20m%C3%A1s%20informaci%C3%B3n.\">enviarnos un WhatsApp<\/a><\/strong>&nbsp;para que estudiemos tu caso y valoremos si la pensi\u00f3n fijada es correcta o puedes solicitar su modificaci\u00f3n.<\/p>\n","protected":false},"excerpt":{"rendered":"<p><span class=\"span-reading-time rt-reading-time\" style=\"display: block;\"><span class=\"rt-label rt-prefix\"><b>\u23f1<\/span> <span class=\"rt-time\"> 5<\/span> <span class=\"rt-label rt-postfix\">minutos<\/b><\/span><\/span>Cuando se acuerda una custodia compartida, muchos progenitores dan por hecho que la pensi\u00f3n de alimentos desaparece o se reduce autom\u00e1ticamente. Sin embargo, la pr\u00e1ctica judicial demuestra que no siempre es as\u00ed. Una sentencia de la Audiencia Provincial de Navarra recuerda que la custodia compartida no borra de un plumazo &hellip; <\/p>\n","protected":false},"author":2,"featured_media":2056,"comment_status":"closed","ping_status":"open","sticky":false,"template":"","format":"standard","meta":{"_mbp_gutenberg_autopost":false,"_joinchat":[],"footnotes":""},"categories":[19],"tags":[],"class_list":["post-2055","post","type-post","status-publish","format-standard","has-post-thumbnail","hentry","category-familia"],"yoast_head":"<!-- This site is optimized with the Yoast SEO plugin v24.6 - https:\/\/yoast.com\/wordpress\/plugins\/seo\/ -->\n<title>Custodia compartida y pensi\u00f3n de alimentos: cu\u00e1ndo puede reducirse<\/title>\n<meta name=\"description\" content=\"Cu\u00e1ndo puede ajustarse la pensi\u00f3n de alimentos en custodia compartida y por qu\u00e9 gastos como inversiones inmobiliarias no se tienen en cuenta\" \/>\n<meta name=\"robots\" content=\"index, follow, max-snippet:-1, max-image-preview:large, max-video-preview:-1\" \/>\n<link rel=\"canonical\" href=\"https:\/\/jjfconsultores.com\/index.php\/2026\/01\/23\/custodia-compartida-y-pension-de-alimentos-cuando-puede-reducirse\/\" \/>\n<meta property=\"og:locale\" content=\"es_ES\" \/>\n<meta property=\"og:type\" content=\"article\" \/>\n<meta property=\"og:title\" content=\"Custodia compartida y pensi\u00f3n de alimentos: cu\u00e1ndo puede reducirse\" \/>\n<meta property=\"og:description\" content=\"Cu\u00e1ndo puede ajustarse la pensi\u00f3n de alimentos en custodia compartida y por qu\u00e9 gastos como inversiones inmobiliarias no se tienen en cuenta\" \/>\n<meta property=\"og:url\" content=\"https:\/\/jjfconsultores.com\/index.php\/2026\/01\/23\/custodia-compartida-y-pension-de-alimentos-cuando-puede-reducirse\/\" \/>\n<meta property=\"og:site_name\" content=\"JJF consultores y abogados en C\u00f3rdoba y M\u00e1laga\" \/>\n<meta property=\"article:publisher\" content=\"https:\/\/www.facebook.com\/JJFconsultoresyabogados\" \/>\n<meta property=\"article:published_time\" content=\"2026-01-23T08:23:31+00:00\" \/>\n<meta property=\"article:modified_time\" content=\"2026-01-23T08:23:39+00:00\" \/>\n<meta property=\"og:image\" content=\"https:\/\/jjfconsultores.com\/wp-content\/uploads\/2026\/01\/pexels-mikhail-nilov-6964074.jpg\" \/>\n\t<meta property=\"og:image:width\" content=\"1280\" \/>\n\t<meta property=\"og:image:height\" content=\"932\" \/>\n\t<meta property=\"og:image:type\" content=\"image\/jpeg\" \/>\n<meta name=\"author\" content=\"Jes\u00fas Prieto\" \/>\n<meta name=\"twitter:card\" content=\"summary_large_image\" \/>\n<meta name=\"twitter:creator\" content=\"@jesusprieto\" \/>\n<meta name=\"twitter:site\" content=\"@jesusprieto\" \/>\n<meta name=\"twitter:label1\" content=\"Escrito por\" \/>\n\t<meta name=\"twitter:data1\" content=\"Jes\u00fas Prieto\" \/>\n\t<meta name=\"twitter:label2\" content=\"Tiempo de lectura\" \/>\n\t<meta name=\"twitter:data2\" content=\"6 minutos\" \/>\n<script type=\"application\/ld+json\" class=\"yoast-schema-graph\">{\"@context\":\"https:\/\/schema.org\",\"@graph\":[{\"@type\":\"Article\",\"@id\":\"https:\/\/jjfconsultores.com\/index.php\/2026\/01\/23\/custodia-compartida-y-pension-de-alimentos-cuando-puede-reducirse\/#article\",\"isPartOf\":{\"@id\":\"https:\/\/jjfconsultores.com\/index.php\/2026\/01\/23\/custodia-compartida-y-pension-de-alimentos-cuando-puede-reducirse\/\"},\"author\":{\"name\":\"Jes\u00fas Prieto\",\"@id\":\"https:\/\/jjfconsultores.com\/#\/schema\/person\/0b6d06c97b4b6d08d10f19336a0777e2\"},\"headline\":\"Custodia compartida y pensi\u00f3n de alimentos: cu\u00e1ndo puede reducirse\",\"datePublished\":\"2026-01-23T08:23:31+00:00\",\"dateModified\":\"2026-01-23T08:23:39+00:00\",\"mainEntityOfPage\":{\"@id\":\"https:\/\/jjfconsultores.com\/index.php\/2026\/01\/23\/custodia-compartida-y-pension-de-alimentos-cuando-puede-reducirse\/\"},\"wordCount\":1302,\"publisher\":{\"@id\":\"https:\/\/jjfconsultores.com\/#organization\"},\"image\":{\"@id\":\"https:\/\/jjfconsultores.com\/index.php\/2026\/01\/23\/custodia-compartida-y-pension-de-alimentos-cuando-puede-reducirse\/#primaryimage\"},\"thumbnailUrl\":\"https:\/\/jjfconsultores.com\/wp-content\/uploads\/2026\/01\/pexels-mikhail-nilov-6964074.jpg\",\"articleSection\":[\"Familia\"],\"inLanguage\":\"es\"},{\"@type\":\"WebPage\",\"@id\":\"https:\/\/jjfconsultores.com\/index.php\/2026\/01\/23\/custodia-compartida-y-pension-de-alimentos-cuando-puede-reducirse\/\",\"url\":\"https:\/\/jjfconsultores.com\/index.php\/2026\/01\/23\/custodia-compartida-y-pension-de-alimentos-cuando-puede-reducirse\/\",\"name\":\"Custodia compartida y pensi\u00f3n de alimentos: cu\u00e1ndo puede reducirse\",\"isPartOf\":{\"@id\":\"https:\/\/jjfconsultores.com\/#website\"},\"primaryImageOfPage\":{\"@id\":\"https:\/\/jjfconsultores.com\/index.php\/2026\/01\/23\/custodia-compartida-y-pension-de-alimentos-cuando-puede-reducirse\/#primaryimage\"},\"image\":{\"@id\":\"https:\/\/jjfconsultores.com\/index.php\/2026\/01\/23\/custodia-compartida-y-pension-de-alimentos-cuando-puede-reducirse\/#primaryimage\"},\"thumbnailUrl\":\"https:\/\/jjfconsultores.com\/wp-content\/uploads\/2026\/01\/pexels-mikhail-nilov-6964074.jpg\",\"datePublished\":\"2026-01-23T08:23:31+00:00\",\"dateModified\":\"2026-01-23T08:23:39+00:00\",\"description\":\"Cu\u00e1ndo puede ajustarse la pensi\u00f3n de alimentos en custodia compartida y por qu\u00e9 gastos como inversiones inmobiliarias no se tienen en cuenta\",\"breadcrumb\":{\"@id\":\"https:\/\/jjfconsultores.com\/index.php\/2026\/01\/23\/custodia-compartida-y-pension-de-alimentos-cuando-puede-reducirse\/#breadcrumb\"},\"inLanguage\":\"es\",\"potentialAction\":[{\"@type\":\"ReadAction\",\"target\":[\"https:\/\/jjfconsultores.com\/index.php\/2026\/01\/23\/custodia-compartida-y-pension-de-alimentos-cuando-puede-reducirse\/\"]}]},{\"@type\":\"ImageObject\",\"inLanguage\":\"es\",\"@id\":\"https:\/\/jjfconsultores.com\/index.php\/2026\/01\/23\/custodia-compartida-y-pension-de-alimentos-cuando-puede-reducirse\/#primaryimage\",\"url\":\"https:\/\/jjfconsultores.com\/wp-content\/uploads\/2026\/01\/pexels-mikhail-nilov-6964074.jpg\",\"contentUrl\":\"https:\/\/jjfconsultores.com\/wp-content\/uploads\/2026\/01\/pexels-mikhail-nilov-6964074.jpg\",\"width\":1280,\"height\":932,\"caption\":\"Hombre y mujer revisando documentos sobre custodia compartida y pensi\u00f3n de alimentos tras un divorcio\"},{\"@type\":\"BreadcrumbList\",\"@id\":\"https:\/\/jjfconsultores.com\/index.php\/2026\/01\/23\/custodia-compartida-y-pension-de-alimentos-cuando-puede-reducirse\/#breadcrumb\",\"itemListElement\":[{\"@type\":\"ListItem\",\"position\":1,\"name\":\"Portada\",\"item\":\"https:\/\/jjfconsultores.com\/\"},{\"@type\":\"ListItem\",\"position\":2,\"name\":\"Custodia compartida y pensi\u00f3n de alimentos: cu\u00e1ndo puede reducirse\"}]},{\"@type\":\"WebSite\",\"@id\":\"https:\/\/jjfconsultores.com\/#website\",\"url\":\"https:\/\/jjfconsultores.com\/\",\"name\":\"JJF consultores y abogados\",\"description\":\"Asesor\u00eda fiscal, laboral, contable y jur\u00eddica en C\u00f3rdoba y M\u00e1laga\",\"publisher\":{\"@id\":\"https:\/\/jjfconsultores.com\/#organization\"},\"potentialAction\":[{\"@type\":\"SearchAction\",\"target\":{\"@type\":\"EntryPoint\",\"urlTemplate\":\"https:\/\/jjfconsultores.com\/?s={search_term_string}\"},\"query-input\":{\"@type\":\"PropertyValueSpecification\",\"valueRequired\":true,\"valueName\":\"search_term_string\"}}],\"inLanguage\":\"es\"},{\"@type\":\"Organization\",\"@id\":\"https:\/\/jjfconsultores.com\/#organization\",\"name\":\"JJF consultores y abogados\",\"url\":\"https:\/\/jjfconsultores.com\/\",\"logo\":{\"@type\":\"ImageObject\",\"inLanguage\":\"es\",\"@id\":\"https:\/\/jjfconsultores.com\/#\/schema\/logo\/image\/\",\"url\":\"https:\/\/jjfconsultores.com\/wp-content\/uploads\/2020\/01\/jjf-consultores-abogados-1.png\",\"contentUrl\":\"https:\/\/jjfconsultores.com\/wp-content\/uploads\/2020\/01\/jjf-consultores-abogados-1.png\",\"width\":500,\"height\":500,\"caption\":\"JJF consultores y abogados\"},\"image\":{\"@id\":\"https:\/\/jjfconsultores.com\/#\/schema\/logo\/image\/\"},\"sameAs\":[\"https:\/\/www.facebook.com\/JJFconsultoresyabogados\",\"https:\/\/x.com\/jesusprieto\",\"https:\/\/www.instagram.com\/JJF_consultores_abogados\/\",\"https:\/\/www.linkedin.com\/company\/jjf-soluciones-de-empresa\"]},{\"@type\":\"Person\",\"@id\":\"https:\/\/jjfconsultores.com\/#\/schema\/person\/0b6d06c97b4b6d08d10f19336a0777e2\",\"name\":\"Jes\u00fas Prieto\",\"image\":{\"@type\":\"ImageObject\",\"inLanguage\":\"es\",\"@id\":\"https:\/\/jjfconsultores.com\/#\/schema\/person\/image\/\",\"url\":\"https:\/\/secure.gravatar.com\/avatar\/3dc923b87b86c8ba1fb6af9f8a123b9036961349ef9ac29b61f40b921083f3d1?s=96&d=mm&r=g\",\"contentUrl\":\"https:\/\/secure.gravatar.com\/avatar\/3dc923b87b86c8ba1fb6af9f8a123b9036961349ef9ac29b61f40b921083f3d1?s=96&d=mm&r=g\",\"caption\":\"Jes\u00fas Prieto\"},\"url\":\"https:\/\/jjfconsultores.com\/index.php\/author\/jesus\/\"}]}<\/script>\n<!-- \/ Yoast SEO plugin. -->","yoast_head_json":{"title":"Custodia compartida y pensi\u00f3n de alimentos: cu\u00e1ndo puede reducirse","description":"Cu\u00e1ndo puede ajustarse la pensi\u00f3n de alimentos en custodia compartida y por qu\u00e9 gastos como inversiones inmobiliarias no se tienen en cuenta","robots":{"index":"index","follow":"follow","max-snippet":"max-snippet:-1","max-image-preview":"max-image-preview:large","max-video-preview":"max-video-preview:-1"},"canonical":"https:\/\/jjfconsultores.com\/index.php\/2026\/01\/23\/custodia-compartida-y-pension-de-alimentos-cuando-puede-reducirse\/","og_locale":"es_ES","og_type":"article","og_title":"Custodia compartida y pensi\u00f3n de alimentos: cu\u00e1ndo puede reducirse","og_description":"Cu\u00e1ndo puede ajustarse la pensi\u00f3n de alimentos en custodia compartida y por qu\u00e9 gastos como inversiones inmobiliarias no se tienen en cuenta","og_url":"https:\/\/jjfconsultores.com\/index.php\/2026\/01\/23\/custodia-compartida-y-pension-de-alimentos-cuando-puede-reducirse\/","og_site_name":"JJF consultores y abogados en C\u00f3rdoba y M\u00e1laga","article_publisher":"https:\/\/www.facebook.com\/JJFconsultoresyabogados","article_published_time":"2026-01-23T08:23:31+00:00","article_modified_time":"2026-01-23T08:23:39+00:00","og_image":[{"width":1280,"height":932,"url":"https:\/\/jjfconsultores.com\/wp-content\/uploads\/2026\/01\/pexels-mikhail-nilov-6964074.jpg","type":"image\/jpeg"}],"author":"Jes\u00fas Prieto","twitter_card":"summary_large_image","twitter_creator":"@jesusprieto","twitter_site":"@jesusprieto","twitter_misc":{"Escrito por":"Jes\u00fas Prieto","Tiempo de lectura":"6 minutos"},"schema":{"@context":"https:\/\/schema.org","@graph":[{"@type":"Article","@id":"https:\/\/jjfconsultores.com\/index.php\/2026\/01\/23\/custodia-compartida-y-pension-de-alimentos-cuando-puede-reducirse\/#article","isPartOf":{"@id":"https:\/\/jjfconsultores.com\/index.php\/2026\/01\/23\/custodia-compartida-y-pension-de-alimentos-cuando-puede-reducirse\/"},"author":{"name":"Jes\u00fas Prieto","@id":"https:\/\/jjfconsultores.com\/#\/schema\/person\/0b6d06c97b4b6d08d10f19336a0777e2"},"headline":"Custodia compartida y pensi\u00f3n de alimentos: cu\u00e1ndo puede reducirse","datePublished":"2026-01-23T08:23:31+00:00","dateModified":"2026-01-23T08:23:39+00:00","mainEntityOfPage":{"@id":"https:\/\/jjfconsultores.com\/index.php\/2026\/01\/23\/custodia-compartida-y-pension-de-alimentos-cuando-puede-reducirse\/"},"wordCount":1302,"publisher":{"@id":"https:\/\/jjfconsultores.com\/#organization"},"image":{"@id":"https:\/\/jjfconsultores.com\/index.php\/2026\/01\/23\/custodia-compartida-y-pension-de-alimentos-cuando-puede-reducirse\/#primaryimage"},"thumbnailUrl":"https:\/\/jjfconsultores.com\/wp-content\/uploads\/2026\/01\/pexels-mikhail-nilov-6964074.jpg","articleSection":["Familia"],"inLanguage":"es"},{"@type":"WebPage","@id":"https:\/\/jjfconsultores.com\/index.php\/2026\/01\/23\/custodia-compartida-y-pension-de-alimentos-cuando-puede-reducirse\/","url":"https:\/\/jjfconsultores.com\/index.php\/2026\/01\/23\/custodia-compartida-y-pension-de-alimentos-cuando-puede-reducirse\/","name":"Custodia compartida y pensi\u00f3n de alimentos: cu\u00e1ndo puede reducirse","isPartOf":{"@id":"https:\/\/jjfconsultores.com\/#website"},"primaryImageOfPage":{"@id":"https:\/\/jjfconsultores.com\/index.php\/2026\/01\/23\/custodia-compartida-y-pension-de-alimentos-cuando-puede-reducirse\/#primaryimage"},"image":{"@id":"https:\/\/jjfconsultores.com\/index.php\/2026\/01\/23\/custodia-compartida-y-pension-de-alimentos-cuando-puede-reducirse\/#primaryimage"},"thumbnailUrl":"https:\/\/jjfconsultores.com\/wp-content\/uploads\/2026\/01\/pexels-mikhail-nilov-6964074.jpg","datePublished":"2026-01-23T08:23:31+00:00","dateModified":"2026-01-23T08:23:39+00:00","description":"Cu\u00e1ndo puede ajustarse la pensi\u00f3n de alimentos en custodia compartida y por qu\u00e9 gastos como inversiones inmobiliarias no se tienen en cuenta","breadcrumb":{"@id":"https:\/\/jjfconsultores.com\/index.php\/2026\/01\/23\/custodia-compartida-y-pension-de-alimentos-cuando-puede-reducirse\/#breadcrumb"},"inLanguage":"es","potentialAction":[{"@type":"ReadAction","target":["https:\/\/jjfconsultores.com\/index.php\/2026\/01\/23\/custodia-compartida-y-pension-de-alimentos-cuando-puede-reducirse\/"]}]},{"@type":"ImageObject","inLanguage":"es","@id":"https:\/\/jjfconsultores.com\/index.php\/2026\/01\/23\/custodia-compartida-y-pension-de-alimentos-cuando-puede-reducirse\/#primaryimage","url":"https:\/\/jjfconsultores.com\/wp-content\/uploads\/2026\/01\/pexels-mikhail-nilov-6964074.jpg","contentUrl":"https:\/\/jjfconsultores.com\/wp-content\/uploads\/2026\/01\/pexels-mikhail-nilov-6964074.jpg","width":1280,"height":932,"caption":"Hombre y mujer revisando documentos sobre custodia compartida y pensi\u00f3n de alimentos tras un divorcio"},{"@type":"BreadcrumbList","@id":"https:\/\/jjfconsultores.com\/index.php\/2026\/01\/23\/custodia-compartida-y-pension-de-alimentos-cuando-puede-reducirse\/#breadcrumb","itemListElement":[{"@type":"ListItem","position":1,"name":"Portada","item":"https:\/\/jjfconsultores.com\/"},{"@type":"ListItem","position":2,"name":"Custodia compartida y pensi\u00f3n de alimentos: cu\u00e1ndo puede reducirse"}]},{"@type":"WebSite","@id":"https:\/\/jjfconsultores.com\/#website","url":"https:\/\/jjfconsultores.com\/","name":"JJF consultores y abogados","description":"Asesor\u00eda fiscal, laboral, contable y jur\u00eddica en C\u00f3rdoba y M\u00e1laga","publisher":{"@id":"https:\/\/jjfconsultores.com\/#organization"},"potentialAction":[{"@type":"SearchAction","target":{"@type":"EntryPoint","urlTemplate":"https:\/\/jjfconsultores.com\/?s={search_term_string}"},"query-input":{"@type":"PropertyValueSpecification","valueRequired":true,"valueName":"search_term_string"}}],"inLanguage":"es"},{"@type":"Organization","@id":"https:\/\/jjfconsultores.com\/#organization","name":"JJF consultores y abogados","url":"https:\/\/jjfconsultores.com\/","logo":{"@type":"ImageObject","inLanguage":"es","@id":"https:\/\/jjfconsultores.com\/#\/schema\/logo\/image\/","url":"https:\/\/jjfconsultores.com\/wp-content\/uploads\/2020\/01\/jjf-consultores-abogados-1.png","contentUrl":"https:\/\/jjfconsultores.com\/wp-content\/uploads\/2020\/01\/jjf-consultores-abogados-1.png","width":500,"height":500,"caption":"JJF consultores y abogados"},"image":{"@id":"https:\/\/jjfconsultores.com\/#\/schema\/logo\/image\/"},"sameAs":["https:\/\/www.facebook.com\/JJFconsultoresyabogados","https:\/\/x.com\/jesusprieto","https:\/\/www.instagram.com\/JJF_consultores_abogados\/","https:\/\/www.linkedin.com\/company\/jjf-soluciones-de-empresa"]},{"@type":"Person","@id":"https:\/\/jjfconsultores.com\/#\/schema\/person\/0b6d06c97b4b6d08d10f19336a0777e2","name":"Jes\u00fas Prieto","image":{"@type":"ImageObject","inLanguage":"es","@id":"https:\/\/jjfconsultores.com\/#\/schema\/person\/image\/","url":"https:\/\/secure.gravatar.com\/avatar\/3dc923b87b86c8ba1fb6af9f8a123b9036961349ef9ac29b61f40b921083f3d1?s=96&d=mm&r=g","contentUrl":"https:\/\/secure.gravatar.com\/avatar\/3dc923b87b86c8ba1fb6af9f8a123b9036961349ef9ac29b61f40b921083f3d1?s=96&d=mm&r=g","caption":"Jes\u00fas Prieto"},"url":"https:\/\/jjfconsultores.com\/index.php\/author\/jesus\/"}]}},"_links":{"self":[{"href":"https:\/\/jjfconsultores.com\/index.php\/wp-json\/wp\/v2\/posts\/2055","targetHints":{"allow":["GET"]}}],"collection":[{"href":"https:\/\/jjfconsultores.com\/index.php\/wp-json\/wp\/v2\/posts"}],"about":[{"href":"https:\/\/jjfconsultores.com\/index.php\/wp-json\/wp\/v2\/types\/post"}],"author":[{"embeddable":true,"href":"https:\/\/jjfconsultores.com\/index.php\/wp-json\/wp\/v2\/users\/2"}],"replies":[{"embeddable":true,"href":"https:\/\/jjfconsultores.com\/index.php\/wp-json\/wp\/v2\/comments?post=2055"}],"version-history":[{"count":1,"href":"https:\/\/jjfconsultores.com\/index.php\/wp-json\/wp\/v2\/posts\/2055\/revisions"}],"predecessor-version":[{"id":2059,"href":"https:\/\/jjfconsultores.com\/index.php\/wp-json\/wp\/v2\/posts\/2055\/revisions\/2059"}],"wp:featuredmedia":[{"embeddable":true,"href":"https:\/\/jjfconsultores.com\/index.php\/wp-json\/wp\/v2\/media\/2056"}],"wp:attachment":[{"href":"https:\/\/jjfconsultores.com\/index.php\/wp-json\/wp\/v2\/media?parent=2055"}],"wp:term":[{"taxonomy":"category","embeddable":true,"href":"https:\/\/jjfconsultores.com\/index.php\/wp-json\/wp\/v2\/categories?post=2055"},{"taxonomy":"post_tag","embeddable":true,"href":"https:\/\/jjfconsultores.com\/index.php\/wp-json\/wp\/v2\/tags?post=2055"}],"curies":[{"name":"wp","href":"https:\/\/api.w.org\/{rel}","templated":true}]}}